{"id":44769,"date":"2024-11-12T21:54:48","date_gmt":"2024-11-12T21:54:48","guid":{"rendered":"http:\/\/vocesver.com\/noticias\/?p=44769"},"modified":"2024-11-12T21:57:46","modified_gmt":"2024-11-12T21:57:46","slug":"inaugurara-claudia-sheinbaum-clinicas-en-veracruz","status":"publish","type":"post","link":"http:\/\/vocesver.com\/noticias\/inaugurara-claudia-sheinbaum-clinicas-en-veracruz\/","title":{"rendered":"INAUGURAR\u00c1 CLAUDIA SHEINBAUM CL\u00cdNICAS EN VERACRUZ"},"content":{"rendered":"\n<p>En concordancia con el sistema IMSS Bienestar.<br>AUSENCIO RIVERA\/VOCESVER.COM\/NOTICIAS<br>Ciudad de M\u00e9xico, Ver., martes 12 de noviembre de 2024.- Durante la \u201cMa\u00f1anera del Pueblo\u201d, la presidenta de M\u00e9xico, Claudia Sheinbaum Pardo, confirm\u00f3 que estar\u00e1 en Veracruz este viernes 15 de noviembre.<br><br>Despu\u00e9s de la reuni\u00f3n que sostuvo con gobernadores entrantes y en funciones para detallar la estrategia de IMSS Bienestar a nivel nacional, Sheinbaum Pardo confirm\u00f3 que realizar\u00e1 su segunda visita en calidad de mandataria por la entidad veracruzana.<br><br>\u201cVamos a inaugurar varias cl\u00ednicas y unidades de salud en distintos lugares\u201d, subray\u00f3.<br><br>A la gira asistir\u00e1 el titular de IMSS Bienestar, Zo\u00e9 Robledo.<br><br><br><br><br><br><br><br><br><br><br><br><br><br><br><br><br><br><br><br><br><br><br><br><\/p>\n","protected":false},"excerpt":{"rendered":"<p>En concordancia con el sistema IMSS Bienestar.AUSENCIO RIVERA\/VOCESVER.COM\/NOTICIASCiudad de M\u00e9xico, Ver., martes 12 de noviembre de 2024.- Durante la \u201cMa\u00f1anera<\/p>\n","protected":false},"author":2,"featured_media":44780,"comment_status":"open","ping_status":"open","sticky":false,"template":"","format":"standard","meta":{"colormag_page_container_layout":"default_layout","colormag_page_sidebar_layout":"default_layout","footnotes":""},"categories":[5],"tags":[],"class_list":["post-44769","post","type-post","status-publish","format-standard","has-post-thumbnail","hentry","category-nacional"],"_links":{"self":[{"href":"http:\/\/vocesver.com\/noticias\/wp-json\/wp\/v2\/posts\/44769","targetHints":{"allow":["GET"]}}],"collection":[{"href":"http:\/\/vocesver.com\/noticias\/wp-json\/wp\/v2\/posts"}],"about":[{"href":"http:\/\/vocesver.com\/noticias\/wp-json\/wp\/v2\/types\/post"}],"author":[{"embeddable":true,"href":"http:\/\/vocesver.com\/noticias\/wp-json\/wp\/v2\/users\/2"}],"replies":[{"embeddable":true,"href":"http:\/\/vocesver.com\/noticias\/wp-json\/wp\/v2\/comments?post=44769"}],"version-history":[{"count":2,"href":"http:\/\/vocesver.com\/noticias\/wp-json\/wp\/v2\/posts\/44769\/revisions"}],"predecessor-version":[{"id":44779,"href":"http:\/\/vocesver.com\/noticias\/wp-json\/wp\/v2\/posts\/44769\/revisions\/44779"}],"wp:featuredmedia":[{"embeddable":true,"href":"http:\/\/vocesver.com\/noticias\/wp-json\/wp\/v2\/media\/44780"}],"wp:attachment":[{"href":"http:\/\/vocesver.com\/noticias\/wp-json\/wp\/v2\/media?parent=44769"}],"wp:term":[{"taxonomy":"category","embeddable":true,"href":"http:\/\/vocesver.com\/noticias\/wp-json\/wp\/v2\/categories?post=44769"},{"taxonomy":"post_tag","embeddable":true,"href":"http:\/\/vocesver.com\/noticias\/wp-json\/wp\/v2\/tags?post=44769"}],"curies":[{"name":"wp","href":"https:\/\/api.w.org\/{rel}","templated":true}]}}