{"id":44751,"date":"2024-11-11T22:10:59","date_gmt":"2024-11-11T22:10:59","guid":{"rendered":"http:\/\/vocesver.com\/noticias\/?p=44751"},"modified":"2024-11-11T22:23:13","modified_gmt":"2024-11-11T22:23:13","slug":"la-modernizacion-del-centro-historico-desparece-puesto-de-periodicos-en-veracruz","status":"publish","type":"post","link":"http:\/\/vocesver.com\/noticias\/la-modernizacion-del-centro-historico-desparece-puesto-de-periodicos-en-veracruz\/","title":{"rendered":"MODERNIZACION DEL CENTRO HIST\u00d3RICO DESPARECE PUESTO DE PERI\u00d3DICOS EN  VERACRUZ"},"content":{"rendered":"\n<p>Funcion\u00f3 durante muchos a\u00f1os en la Esquina de Mario Molina e Independencia.<br>AUSENCIO RIVERA\/VOCESVER.COM\/NOTICIAS}<br>Veracruz,Ver.&#8211;A 11 de Noviembre 2024.. Como dice el refr\u00e1n la riata siempre se rompe por lo m\u00e1s delgado y es que la modernizaci\u00f3n que se realiza en el Centro Hist\u00f3rioco de Veracruz provoc\u00f3 el \u00abdesmantelamento\u00bb de este puesto de de peri\u00f3dicos que durante muchos a\u00f1os estuvo operando en la Esquina de Mario Molina e Independencia de la Ciudad de Veracruz.<\/p>\n\n\n\n<p> Ojal\u00e1 que a los voceadores responsables de este negocio no los hayan dejado al\u00bb garete\u00bb y los responsables del municipio les hayan dado alternativas para que puedan seguir adelante junto con sus familias expresaron alguno ciudadanos que se percataron de de estas medidas,..<br><br><br><br><br><br><br><br><br><br><br><br><br><\/p>\n","protected":false},"excerpt":{"rendered":"<p>Funcion\u00f3 durante muchos a\u00f1os en la Esquina de Mario Molina e Independencia.AUSENCIO RIVERA\/VOCESVER.COM\/NOTICIAS}Veracruz,Ver.&#8211;A 11 de Noviembre 2024.. Como dice el<\/p>\n","protected":false},"author":2,"featured_media":44763,"comment_status":"open","ping_status":"open","sticky":false,"template":"","format":"standard","meta":{"colormag_page_container_layout":"default_layout","colormag_page_sidebar_layout":"default_layout","footnotes":""},"categories":[2],"tags":[],"class_list":["post-44751","post","type-post","status-publish","format-standard","has-post-thumbnail","hentry","category-infogral"],"_links":{"self":[{"href":"http:\/\/vocesver.com\/noticias\/wp-json\/wp\/v2\/posts\/44751","targetHints":{"allow":["GET"]}}],"collection":[{"href":"http:\/\/vocesver.com\/noticias\/wp-json\/wp\/v2\/posts"}],"about":[{"href":"http:\/\/vocesver.com\/noticias\/wp-json\/wp\/v2\/types\/post"}],"author":[{"embeddable":true,"href":"http:\/\/vocesver.com\/noticias\/wp-json\/wp\/v2\/users\/2"}],"replies":[{"embeddable":true,"href":"http:\/\/vocesver.com\/noticias\/wp-json\/wp\/v2\/comments?post=44751"}],"version-history":[{"count":3,"href":"http:\/\/vocesver.com\/noticias\/wp-json\/wp\/v2\/posts\/44751\/revisions"}],"predecessor-version":[{"id":44762,"href":"http:\/\/vocesver.com\/noticias\/wp-json\/wp\/v2\/posts\/44751\/revisions\/44762"}],"wp:featuredmedia":[{"embeddable":true,"href":"http:\/\/vocesver.com\/noticias\/wp-json\/wp\/v2\/media\/44763"}],"wp:attachment":[{"href":"http:\/\/vocesver.com\/noticias\/wp-json\/wp\/v2\/media?parent=44751"}],"wp:term":[{"taxonomy":"category","embeddable":true,"href":"http:\/\/vocesver.com\/noticias\/wp-json\/wp\/v2\/categories?post=44751"},{"taxonomy":"post_tag","embeddable":true,"href":"http:\/\/vocesver.com\/noticias\/wp-json\/wp\/v2\/tags?post=44751"}],"curies":[{"name":"wp","href":"https:\/\/api.w.org\/{rel}","templated":true}]}}