{"id":44747,"date":"2024-11-11T21:43:30","date_gmt":"2024-11-11T21:43:30","guid":{"rendered":"http:\/\/vocesver.com\/noticias\/?p=44747"},"modified":"2024-11-11T21:57:28","modified_gmt":"2024-11-11T21:57:28","slug":"si-habra-nacimiento-navideno-en-el-gran-cafe-del-portal-de-veracruz","status":"publish","type":"post","link":"http:\/\/vocesver.com\/noticias\/si-habra-nacimiento-navideno-en-el-gran-cafe-del-portal-de-veracruz\/","title":{"rendered":"Si habr\u00e1 nacimiento navide\u00f1o en el Gran  Caf\u00e9 del Portal de Veracruz."},"content":{"rendered":"\n<p>El restraso de las obras del centro hist\u00f3rico estuvo a punto de suspender esta tradici\u00f3n; afortunadamente ya no est\u00e1n encerrado los negocios de la zona y eso permitir\u00e1 mayor afluencia de visitantes.<br><br>AUSENCIO RIVERA\/VOCESVER.COM\/NOTICIAS<br>Veracruz, Ver.. A 11 de Noviembre 2024.. Con un poco de retraso por las obras del Centro Hist\u00f3rico de Veracruz, a partir de este lunes iniciaron los trabajos de instalaci\u00f3n del tradicional nacimiento navide\u00f1o que a\u00f1o con a\u00f1o se pone en el Gran Caf\u00e9 del Portal.<\/p>\n\n\n\n<p> Cafet\u00f3manos qu\u00e9 diariamente acuden a dicho establecimiento ya se encontraban \u00abtristes\u00bb porque se espacieron comentarios de que \u00e9ste no se instalaria en este a\u00f1o debido a la poca afluencia de visitantes a dicho caf\u00e9 consecuencioa de la lentitud de las obras que ah\u00ed se realizan.. Sin embargo este d\u00eda(lunes) se llenaron de j\u00fabilo al percatarse que una cuadrilla de trabajadores comenz\u00f3 a laborar intensamente en la puesta de dicho  para que este tradicional nacimiento para que \u00e9s quede listo lo m\u00e1s pronto posible y  los turista y ciudadanos en general acudan a apreciarlo como cada a\u00f1o sucede.<\/p>\n\n\n\n<p>Cabe mencionar que si no se hubiera\u00bb despejado \u00abel \u00e1rea donde se construyen las obras del Centro Hist\u00f3rico de Veracruz el Tradiconal evento que ya es una tradici\u00f3n en Veracruz no se hubiera instalado el pesebre o cu\u00f1a del ni\u00f1o Jes\u00fas  comentaron empleados de dicho establecimiento comercial&#8230;Se espera que en esta Navidad 2024 \u00e9ste nacimiento sea visitado por cientos de turistas y publico en general que acuden a ester importante caf\u00e9 de la Ciudad de Veracruz.<br><br><br><br><br><br><br><br><br><br><br><br><br><br><br><br><br><br><br><br><br><\/p>\n","protected":false},"excerpt":{"rendered":"<p>El restraso de las obras del centro hist\u00f3rico estuvo a punto de suspender esta tradici\u00f3n; afortunadamente ya no est\u00e1n encerrado<\/p>\n","protected":false},"author":2,"featured_media":44757,"comment_status":"open","ping_status":"open","sticky":false,"template":"","format":"standard","meta":{"colormag_page_container_layout":"default_layout","colormag_page_sidebar_layout":"default_layout","footnotes":""},"categories":[2],"tags":[],"class_list":["post-44747","post","type-post","status-publish","format-standard","has-post-thumbnail","hentry","category-infogral"],"_links":{"self":[{"href":"http:\/\/vocesver.com\/noticias\/wp-json\/wp\/v2\/posts\/44747","targetHints":{"allow":["GET"]}}],"collection":[{"href":"http:\/\/vocesver.com\/noticias\/wp-json\/wp\/v2\/posts"}],"about":[{"href":"http:\/\/vocesver.com\/noticias\/wp-json\/wp\/v2\/types\/post"}],"author":[{"embeddable":true,"href":"http:\/\/vocesver.com\/noticias\/wp-json\/wp\/v2\/users\/2"}],"replies":[{"embeddable":true,"href":"http:\/\/vocesver.com\/noticias\/wp-json\/wp\/v2\/comments?post=44747"}],"version-history":[{"count":4,"href":"http:\/\/vocesver.com\/noticias\/wp-json\/wp\/v2\/posts\/44747\/revisions"}],"predecessor-version":[{"id":44756,"href":"http:\/\/vocesver.com\/noticias\/wp-json\/wp\/v2\/posts\/44747\/revisions\/44756"}],"wp:featuredmedia":[{"embeddable":true,"href":"http:\/\/vocesver.com\/noticias\/wp-json\/wp\/v2\/media\/44757"}],"wp:attachment":[{"href":"http:\/\/vocesver.com\/noticias\/wp-json\/wp\/v2\/media?parent=44747"}],"wp:term":[{"taxonomy":"category","embeddable":true,"href":"http:\/\/vocesver.com\/noticias\/wp-json\/wp\/v2\/categories?post=44747"},{"taxonomy":"post_tag","embeddable":true,"href":"http:\/\/vocesver.com\/noticias\/wp-json\/wp\/v2\/tags?post=44747"}],"curies":[{"name":"wp","href":"https:\/\/api.w.org\/{rel}","templated":true}]}}