{"id":44743,"date":"2024-11-11T21:36:19","date_gmt":"2024-11-11T21:36:19","guid":{"rendered":"http:\/\/vocesver.com\/noticias\/?p=44743"},"modified":"2024-11-11T22:34:38","modified_gmt":"2024-11-11T22:34:38","slug":"la-nalhemania-a-todo-lo-que-da-en-la-asamblea-de-morena","status":"publish","type":"post","link":"http:\/\/vocesver.com\/noticias\/la-nalhemania-a-todo-lo-que-da-en-la-asamblea-de-morena\/","title":{"rendered":"LA NALHEMANIA A TODO LO QUE DA EN LA ASAMBLEA DE MORENA."},"content":{"rendered":"\n<p><br><br>AUSNCIO RIVEA\/VOCESVER.COM\/NOTICIAS<br><br><br>PIE DE FOTO:<br><br>La \u2018Nahleman\u00eda\u2019 se dej\u00f3 sentir en la Asamblea Informativa \u2018La Reforma Judicial Va\u2019 llevada a cabo este s\u00e1bado en el Worl Trade Center de Boca del R\u00edo.<br><br>Militantes y simpatizantes buscaron la foto con la gobernadora electa de Veracruz, Roc\u00edo Nahle Garc\u00eda quien a su paso rumbo al templete salud\u00f3, platic\u00f3 y se tom\u00f3 la tradicional \u2018selfie\u2019 con los integrantes del movimiento que arribaron de distintas partes del estado.<br><br><br><br><br><br><br><br><br><br><br><br><br><br><br><br><br><br><br><br><br><br><br><\/p>\n","protected":false},"excerpt":{"rendered":"<p>AUSNCIO RIVEA\/VOCESVER.COM\/NOTICIAS PIE DE FOTO: La \u2018Nahleman\u00eda\u2019 se dej\u00f3 sentir en la Asamblea Informativa \u2018La Reforma Judicial Va\u2019 llevada a<\/p>\n","protected":false},"author":2,"featured_media":44749,"comment_status":"open","ping_status":"open","sticky":false,"template":"","format":"standard","meta":{"colormag_page_container_layout":"default_layout","colormag_page_sidebar_layout":"default_layout","footnotes":""},"categories":[2],"tags":[],"class_list":["post-44743","post","type-post","status-publish","format-standard","has-post-thumbnail","hentry","category-infogral"],"_links":{"self":[{"href":"http:\/\/vocesver.com\/noticias\/wp-json\/wp\/v2\/posts\/44743","targetHints":{"allow":["GET"]}}],"collection":[{"href":"http:\/\/vocesver.com\/noticias\/wp-json\/wp\/v2\/posts"}],"about":[{"href":"http:\/\/vocesver.com\/noticias\/wp-json\/wp\/v2\/types\/post"}],"author":[{"embeddable":true,"href":"http:\/\/vocesver.com\/noticias\/wp-json\/wp\/v2\/users\/2"}],"replies":[{"embeddable":true,"href":"http:\/\/vocesver.com\/noticias\/wp-json\/wp\/v2\/comments?post=44743"}],"version-history":[{"count":2,"href":"http:\/\/vocesver.com\/noticias\/wp-json\/wp\/v2\/posts\/44743\/revisions"}],"predecessor-version":[{"id":44748,"href":"http:\/\/vocesver.com\/noticias\/wp-json\/wp\/v2\/posts\/44743\/revisions\/44748"}],"wp:featuredmedia":[{"embeddable":true,"href":"http:\/\/vocesver.com\/noticias\/wp-json\/wp\/v2\/media\/44749"}],"wp:attachment":[{"href":"http:\/\/vocesver.com\/noticias\/wp-json\/wp\/v2\/media?parent=44743"}],"wp:term":[{"taxonomy":"category","embeddable":true,"href":"http:\/\/vocesver.com\/noticias\/wp-json\/wp\/v2\/categories?post=44743"},{"taxonomy":"post_tag","embeddable":true,"href":"http:\/\/vocesver.com\/noticias\/wp-json\/wp\/v2\/tags?post=44743"}],"curies":[{"name":"wp","href":"https:\/\/api.w.org\/{rel}","templated":true}]}}