{"id":44697,"date":"2024-11-07T21:46:16","date_gmt":"2024-11-07T21:46:16","guid":{"rendered":"http:\/\/vocesver.com\/noticias\/?p=44697"},"modified":"2024-11-07T21:54:26","modified_gmt":"2024-11-07T21:54:26","slug":"existen-rasgos-claros-de-que-en-mexico-se-esta-formando-una-dictaduramarlomramirez","status":"publish","type":"post","link":"http:\/\/vocesver.com\/noticias\/existen-rasgos-claros-de-que-en-mexico-se-esta-formando-una-dictaduramarlomramirez\/","title":{"rendered":"EXISTEN RASGOS CLAROS DE QUE EN M\u00c9XICO SE ESTA FORMANDO UNA DICTADURA:MARLOMRAMIREZ."},"content":{"rendered":"\n<p>AUSENCIO RIVERA\/VOCESVER.COM\/NOTICIAS<br><br>Veracruz,Ver,. a 7 de Noviembre 2024.Actualmente existe una concentraci\u00f3n excesiva del poder y estamos viendo que tambi\u00e9n hay rasgos ya muy claros de que en M\u00e9xico se esta formando una dictadura.<br>Lo anterior lo reconoci\u00f3 el licenciado Marlon Ram\u00edrez Marin ex diputado local priista y secretario regional del C.E.N. del PRI en los estado de Tlaxcala, Morelos y Puebla.<br>Entrevistado en c\u00e9ntrica negociaci\u00f3n del puerto de Veracruz el ex legislador a\u00f1adi\u00f3 que rasgos de estos son las declaraciones de los actuales gobernantesy la concentraci\u00f3n excesiva del poder.<br>Sobre todo el ataque a la Suprema Corte de Justicia de la Naci\u00f3n que se hace para quebrantar el orden constitucional y eso quiebra el Estado de derecho y el principio de autolimitaci\u00f3n del poder asever\u00f3.<br>Naturalmte eso deja a cualquier ciudadano en una circunstancia de desventaja o de desproteccio\u00f3n frente a la clara visi\u00f3n de este gobierno de acaparar todo el poder.<br>Por otro lado dijo que la manifestaciones de inconformidad que se hagan respecto a lo que est\u00e1 ocurriendo en este momento en el poder p\u00fablico mexicano ser\u00e1n siempre bienvenidas.-<br>Me parece que mucha gente todav\u00eda no alcanza a dimensionar o no est\u00e1 informada de lo que va implicar la reforma del poder judicial , por que \u00e9sta est\u00e1 m\u00e1s all\u00e1 de eliminar el trabajo de jueces , magistrados y ministros ya que lo que traer\u00e1 como consecuencia es que ya no va a existir un poder superior en el \u00e1mbito judicial que proteja de los excesos del poder.<br>Cuando t\u00fa tienes un poder judicial que est\u00e1 al servicio del poder ejecutivo,\u00bbimnag\u00ednense qu\u00e9 poder judicial va a juzgar a un Gobernador o a un Alcalde que se haya llevado lo que no es suyo porque son parte de lo mismo.\u00bb<br>Eso es lo que durante mucho tiempo el PRI construy\u00f3 para que hubiese contrapesos en el pa\u00eds y hoy estamos evidenciando porqu\u00e9 hubo esa ruptura hist\u00f3rica en 1988.Esa es la realidad .<\/p>\n\n\n\n<p> Hoy estamos viendo porqu\u00e9 en aquel momento hubo un parteaguas en donde el PRI de ese momento tom\u00f3 la decisi\u00f3n de entrar a un sistema de capital, de econom\u00eda de mercado, de mejor condici\u00f3n y una visi\u00f3n completamente antigua estatista  de control en donde estamos casi casi ante la posibilidad de volver a un esquema donde el Estado produce todo y claramente  eso siempre termina ineficiente puntuliz\u00f3.<br>Asimismo dijo que ademas de seguir siendo priista,\u00e9l est\u00e1 dedicado a la c\u00e1tedra y est\u00e1 en espera de c\u00f3mo viene el pr\u00f3ximo proceso municipal.  Por el momento dijo que no  ha recibido ninguna invitaci\u00f3n a participar debido a que est\u00e1 dedicado a la c\u00e1tedra y al trabajo del partido tricolor en los estados antes mencionados,.. <br><br><br><br><br><br><br><br><br><br><br><br><br><br><br><br><br><br><br><br><br><br><br><\/p>\n","protected":false},"excerpt":{"rendered":"<p>AUSENCIO RIVERA\/VOCESVER.COM\/NOTICIAS Veracruz,Ver,. a 7 de Noviembre 2024.Actualmente existe una concentraci\u00f3n excesiva del poder y estamos viendo que tambi\u00e9n hay<\/p>\n","protected":false},"author":2,"featured_media":44704,"comment_status":"open","ping_status":"open","sticky":false,"template":"","format":"standard","meta":{"colormag_page_container_layout":"default_layout","colormag_page_sidebar_layout":"default_layout","footnotes":""},"categories":[2],"tags":[],"class_list":["post-44697","post","type-post","status-publish","format-standard","has-post-thumbnail","hentry","category-infogral"],"_links":{"self":[{"href":"http:\/\/vocesver.com\/noticias\/wp-json\/wp\/v2\/posts\/44697","targetHints":{"allow":["GET"]}}],"collection":[{"href":"http:\/\/vocesver.com\/noticias\/wp-json\/wp\/v2\/posts"}],"about":[{"href":"http:\/\/vocesver.com\/noticias\/wp-json\/wp\/v2\/types\/post"}],"author":[{"embeddable":true,"href":"http:\/\/vocesver.com\/noticias\/wp-json\/wp\/v2\/users\/2"}],"replies":[{"embeddable":true,"href":"http:\/\/vocesver.com\/noticias\/wp-json\/wp\/v2\/comments?post=44697"}],"version-history":[{"count":3,"href":"http:\/\/vocesver.com\/noticias\/wp-json\/wp\/v2\/posts\/44697\/revisions"}],"predecessor-version":[{"id":44707,"href":"http:\/\/vocesver.com\/noticias\/wp-json\/wp\/v2\/posts\/44697\/revisions\/44707"}],"wp:featuredmedia":[{"embeddable":true,"href":"http:\/\/vocesver.com\/noticias\/wp-json\/wp\/v2\/media\/44704"}],"wp:attachment":[{"href":"http:\/\/vocesver.com\/noticias\/wp-json\/wp\/v2\/media?parent=44697"}],"wp:term":[{"taxonomy":"category","embeddable":true,"href":"http:\/\/vocesver.com\/noticias\/wp-json\/wp\/v2\/categories?post=44697"},{"taxonomy":"post_tag","embeddable":true,"href":"http:\/\/vocesver.com\/noticias\/wp-json\/wp\/v2\/tags?post=44697"}],"curies":[{"name":"wp","href":"https:\/\/api.w.org\/{rel}","templated":true}]}}