{"id":44693,"date":"2024-11-06T22:04:20","date_gmt":"2024-11-06T22:04:20","guid":{"rendered":"http:\/\/vocesver.com\/noticias\/?p=44693"},"modified":"2024-11-06T22:07:15","modified_gmt":"2024-11-06T22:07:15","slug":"piden-a-nahle-que-modifique-ley-organica-del-municipio-libre-para-que-no-lleguen-masparasitosde-regidoresmariscal-martinez","status":"publish","type":"post","link":"http:\/\/vocesver.com\/noticias\/piden-a-nahle-que-modifique-ley-organica-del-municipio-libre-para-que-no-lleguen-masparasitosde-regidoresmariscal-martinez\/","title":{"rendered":"PIDEN A NAHLE QUE MODIFIQUE LEY ORG\u00c1NICA DEL MUNICIPIO LIBRE PARA QUE NO LLEGUEN MAS\u00bbPAR\u00c1SITOS\u00bbDE REGIDORES:MARISCAL MART\u00cdNEZ."},"content":{"rendered":"\n<p>AUSENCIO RIVERA\/VOCESVER.COM\/NOTICIAS<br><br>Veracruz,Ver. a 6 de Noviembre 2024.- Debido a que a  los municipios del Estado llegan muchos \u00abpar\u00e1sitos\u00bb como regidores cada vez que hay nuevas elecciones, la Unidad de Barrios y Colonias del Puerto de Veracruz pide a la gobernadora electa ingeniero Roc\u00edo Nahle Garc\u00eda y al partido Morena que modifiquen la Ley del Municipio Libre.<br>Lo anterior lo se\u00f1al\u00f3 Miguel A. Mariscal Mart\u00ednez  presidente de dicha uni\u00f3n que aglutina a cerca de un centenar de colonias del municipio porte\u00f1a y quien explico que al modificarse dicha ley los pr\u00f3ximos regidores tambi\u00e9n sean electos por elecci\u00f3n popular.<br>Que estos sean del pueblo,del sector obrero,campesino y de la clase popular y ya no lleguen a esos cargos por compadrazgo,dedazo e impisiciones que en nada benefician al pueblo.<br>Se\u00f1al\u00f3 que la Unidad de Barrios y Colonias tiene de asesor a grandes personajes de la talla del licenciado Juan Miguel Reboulen Uribe quien ha ocupado grandes cargos en Veracruz y en otras ciudades del Estado,<br>\u00c9l ser\u00e1 el encargado de hacer dicha petici\u00f3n por escrito a la Gobernadora electa  del Estado ing. Roc\u00edo Nahle Garc\u00eda y a la dirigencia estatal del Partido Morena para que esta propuesta entre en vigor el pr\u00f3ximo a\u00f1o que se renovaran diversa alcald\u00edas de la entiodad veracruzana. <br><br><br><br><br><br><br><br><br><br><br><br><br><br><br><br><br><br><br><\/p>\n","protected":false},"excerpt":{"rendered":"<p>AUSENCIO RIVERA\/VOCESVER.COM\/NOTICIAS Veracruz,Ver. a 6 de Noviembre 2024.- Debido a que a los municipios del Estado llegan muchos \u00abpar\u00e1sitos\u00bb como<\/p>\n","protected":false},"author":2,"featured_media":44700,"comment_status":"open","ping_status":"open","sticky":false,"template":"","format":"standard","meta":{"colormag_page_container_layout":"default_layout","colormag_page_sidebar_layout":"default_layout","footnotes":""},"categories":[2],"tags":[],"class_list":["post-44693","post","type-post","status-publish","format-standard","has-post-thumbnail","hentry","category-infogral"],"_links":{"self":[{"href":"http:\/\/vocesver.com\/noticias\/wp-json\/wp\/v2\/posts\/44693","targetHints":{"allow":["GET"]}}],"collection":[{"href":"http:\/\/vocesver.com\/noticias\/wp-json\/wp\/v2\/posts"}],"about":[{"href":"http:\/\/vocesver.com\/noticias\/wp-json\/wp\/v2\/types\/post"}],"author":[{"embeddable":true,"href":"http:\/\/vocesver.com\/noticias\/wp-json\/wp\/v2\/users\/2"}],"replies":[{"embeddable":true,"href":"http:\/\/vocesver.com\/noticias\/wp-json\/wp\/v2\/comments?post=44693"}],"version-history":[{"count":2,"href":"http:\/\/vocesver.com\/noticias\/wp-json\/wp\/v2\/posts\/44693\/revisions"}],"predecessor-version":[{"id":44698,"href":"http:\/\/vocesver.com\/noticias\/wp-json\/wp\/v2\/posts\/44693\/revisions\/44698"}],"wp:featuredmedia":[{"embeddable":true,"href":"http:\/\/vocesver.com\/noticias\/wp-json\/wp\/v2\/media\/44700"}],"wp:attachment":[{"href":"http:\/\/vocesver.com\/noticias\/wp-json\/wp\/v2\/media?parent=44693"}],"wp:term":[{"taxonomy":"category","embeddable":true,"href":"http:\/\/vocesver.com\/noticias\/wp-json\/wp\/v2\/categories?post=44693"},{"taxonomy":"post_tag","embeddable":true,"href":"http:\/\/vocesver.com\/noticias\/wp-json\/wp\/v2\/tags?post=44693"}],"curies":[{"name":"wp","href":"https:\/\/api.w.org\/{rel}","templated":true}]}}