{"id":44689,"date":"2024-11-06T21:30:29","date_gmt":"2024-11-06T21:30:29","guid":{"rendered":"http:\/\/vocesver.com\/noticias\/?p=44689"},"modified":"2024-11-06T21:37:28","modified_gmt":"2024-11-06T21:37:28","slug":"marcha-ciudadana-en-defensa-de-la-independencia-judicialgabriela-cardenas","status":"publish","type":"post","link":"http:\/\/vocesver.com\/noticias\/marcha-ciudadana-en-defensa-de-la-independencia-judicialgabriela-cardenas\/","title":{"rendered":"MARCHA CIUDADANA EN DEFENSA DE LA INDEPENDENCIA JUDICIAL;GABRIELA C\u00c1RDENAS."},"content":{"rendered":"\n<p><br><br>Ser\u00e1 este domingo a las 9:30 am, parte del Asta Bandera de Bulevar Manuel A. Camacho.<br><br>Ausencio Rivera\/Vocesver. com\/noticias<br><br>Veracruz, Ver.. A 6 de Noviembre 2024.. Un grupo de ciudadanos veracruzanos encabezados por la Lic. Gabriela  C\u00e1rdenas y Samuel V\u00e1squez Barrera convocan a la ciudan\u00eda en general a participar este domingo en la marcha de protesta en defensa de la Independencia Judicial. <\/p>\n\n\n\n<p>Explic\u00f3 Gaby C\u00e1rdenas que la marcha ciudadana iniciar\u00e1 a las 9:30 am de este domingo. Parte del Asta Bandera del Boulevard Manuel \u00c1vila  Camacho del Municipio de Veracruz rumbo al Municipio de Boca del R\u00edo.<\/p>\n\n\n\n<p> Indic\u00f3 asimismo que la. Ciudadan\u00eda se une a esta marcha para expresar su preocupaci\u00f3n por las reformas al Poder Judicial aprobadas por el Congreso Federal..<br>Reconocemos el esfuerzo de la Suprema Corte en defender la Independencia Judicial lal tiempo que advirtieron No podemos quedarnos callados ante este golpe a la democracia. <\/p>\n\n\n\n<p>La reforma concentra el poder en un solo grupo y pone en riesgo a nuestras instituciones advirti\u00f3.. Los entrevistados no mencionaron el n\u00famero de ciidadanos que participen en esta protesta,sin embargo consideraron que se espera una nutrida participaci\u00f3n de diversos sectores de la sociedad qu est\u00e1n en contra de esos cambios.<\/p>\n\n\n\n<p>Tambi\u00e9n aclararon que la convocatoria es totalmente apartidista y busca defender a la Constituci\u00f3n y los derechos humanos,<br><br><br><br><br><br><br><br><br><br><br><br><br><br><br><br><br><br><br><br><br><br><br><\/p>\n","protected":false},"excerpt":{"rendered":"<p>Ser\u00e1 este domingo a las 9:30 am, parte del Asta Bandera de Bulevar Manuel A. Camacho. Ausencio Rivera\/Vocesver. com\/noticias Veracruz,<\/p>\n","protected":false},"author":2,"featured_media":44695,"comment_status":"open","ping_status":"open","sticky":false,"template":"","format":"standard","meta":{"colormag_page_container_layout":"default_layout","colormag_page_sidebar_layout":"default_layout","footnotes":""},"categories":[2],"tags":[],"class_list":["post-44689","post","type-post","status-publish","format-standard","has-post-thumbnail","hentry","category-infogral"],"_links":{"self":[{"href":"http:\/\/vocesver.com\/noticias\/wp-json\/wp\/v2\/posts\/44689","targetHints":{"allow":["GET"]}}],"collection":[{"href":"http:\/\/vocesver.com\/noticias\/wp-json\/wp\/v2\/posts"}],"about":[{"href":"http:\/\/vocesver.com\/noticias\/wp-json\/wp\/v2\/types\/post"}],"author":[{"embeddable":true,"href":"http:\/\/vocesver.com\/noticias\/wp-json\/wp\/v2\/users\/2"}],"replies":[{"embeddable":true,"href":"http:\/\/vocesver.com\/noticias\/wp-json\/wp\/v2\/comments?post=44689"}],"version-history":[{"count":2,"href":"http:\/\/vocesver.com\/noticias\/wp-json\/wp\/v2\/posts\/44689\/revisions"}],"predecessor-version":[{"id":44694,"href":"http:\/\/vocesver.com\/noticias\/wp-json\/wp\/v2\/posts\/44689\/revisions\/44694"}],"wp:featuredmedia":[{"embeddable":true,"href":"http:\/\/vocesver.com\/noticias\/wp-json\/wp\/v2\/media\/44695"}],"wp:attachment":[{"href":"http:\/\/vocesver.com\/noticias\/wp-json\/wp\/v2\/media?parent=44689"}],"wp:term":[{"taxonomy":"category","embeddable":true,"href":"http:\/\/vocesver.com\/noticias\/wp-json\/wp\/v2\/categories?post=44689"},{"taxonomy":"post_tag","embeddable":true,"href":"http:\/\/vocesver.com\/noticias\/wp-json\/wp\/v2\/tags?post=44689"}],"curies":[{"name":"wp","href":"https:\/\/api.w.org\/{rel}","templated":true}]}}