{"id":44670,"date":"2024-11-05T21:20:06","date_gmt":"2024-11-05T21:20:06","guid":{"rendered":"http:\/\/vocesver.com\/noticias\/?p=44670"},"modified":"2024-11-05T21:21:51","modified_gmt":"2024-11-05T21:21:51","slug":"rocio-nahle-se-reune-con-gabinete-entrante","status":"publish","type":"post","link":"http:\/\/vocesver.com\/noticias\/rocio-nahle-se-reune-con-gabinete-entrante\/","title":{"rendered":"ROC\u00cdO NAHLE SE RE\u00daNE CON GABINETE ENTRANTE"},"content":{"rendered":"\n<p><br>AUSENCIO RIVERA\/VOCESVER.COM\/NOTICIAS<br><br>Boca del R\u00edo, Ver., lunes 05 de noviembre de 2024.- A menos de un mes de entrar en funciones, la gobernadora electa de Veracruz, Roc\u00edo Nahle Garc\u00eda, se reuni\u00f3 con el gabinete legal que ejercer\u00e1 en el sexenio 2025-2030.<br><br>Este encuentro, defini\u00f3 la ejecutiva electa, fue necesario como parte del inicio formal del proceso de entrega- recepci\u00f3n que comenz\u00f3 el pasado 1 de noviembre.<br><br>Adem\u00e1s, se ajustaron temas referentes al inicio de su gesti\u00f3n  que por ley comienza el domingo 1 de diciembre.<br><br>\u201cA partir del 1 de Noviembre por ley da inicio lel proceso de entrega administrativo y contable del actual gobierno que encabeza Cuitl\u00e1huac Garc\u00eda Jim\u00e9nez , y hoy tuve reuni\u00f3n con quienes estar\u00e1n al frente en las diferentes dependencias donde revisamos los avances de los comit\u00e9s.<br>A menos de un mes de iniciar la encomienda. Nos va ir bien!\u201d, afirm\u00f3.<br><br><br><br><br><br><br><br><br><br><br><br><br><br><br><br><br><br><br><br><br><br><br><br><br><br><\/p>\n","protected":false},"excerpt":{"rendered":"<p>AUSENCIO RIVERA\/VOCESVER.COM\/NOTICIAS Boca del R\u00edo, Ver., lunes 05 de noviembre de 2024.- A menos de un mes de entrar en<\/p>\n","protected":false},"author":2,"featured_media":44679,"comment_status":"open","ping_status":"open","sticky":false,"template":"","format":"standard","meta":{"colormag_page_container_layout":"default_layout","colormag_page_sidebar_layout":"default_layout","footnotes":""},"categories":[1],"tags":[],"class_list":["post-44670","post","type-post","status-publish","format-standard","has-post-thumbnail","hentry","category-sin-categoria"],"_links":{"self":[{"href":"http:\/\/vocesver.com\/noticias\/wp-json\/wp\/v2\/posts\/44670","targetHints":{"allow":["GET"]}}],"collection":[{"href":"http:\/\/vocesver.com\/noticias\/wp-json\/wp\/v2\/posts"}],"about":[{"href":"http:\/\/vocesver.com\/noticias\/wp-json\/wp\/v2\/types\/post"}],"author":[{"embeddable":true,"href":"http:\/\/vocesver.com\/noticias\/wp-json\/wp\/v2\/users\/2"}],"replies":[{"embeddable":true,"href":"http:\/\/vocesver.com\/noticias\/wp-json\/wp\/v2\/comments?post=44670"}],"version-history":[{"count":2,"href":"http:\/\/vocesver.com\/noticias\/wp-json\/wp\/v2\/posts\/44670\/revisions"}],"predecessor-version":[{"id":44678,"href":"http:\/\/vocesver.com\/noticias\/wp-json\/wp\/v2\/posts\/44670\/revisions\/44678"}],"wp:featuredmedia":[{"embeddable":true,"href":"http:\/\/vocesver.com\/noticias\/wp-json\/wp\/v2\/media\/44679"}],"wp:attachment":[{"href":"http:\/\/vocesver.com\/noticias\/wp-json\/wp\/v2\/media?parent=44670"}],"wp:term":[{"taxonomy":"category","embeddable":true,"href":"http:\/\/vocesver.com\/noticias\/wp-json\/wp\/v2\/categories?post=44670"},{"taxonomy":"post_tag","embeddable":true,"href":"http:\/\/vocesver.com\/noticias\/wp-json\/wp\/v2\/tags?post=44670"}],"curies":[{"name":"wp","href":"https:\/\/api.w.org\/{rel}","templated":true}]}}