{"id":44662,"date":"2024-11-05T21:00:52","date_gmt":"2024-11-05T21:00:52","guid":{"rendered":"http:\/\/vocesver.com\/noticias\/?p=44662"},"modified":"2024-11-05T21:04:47","modified_gmt":"2024-11-05T21:04:47","slug":"todo-un-exito-el-xxiv-festival-academico-celebrado-en-el-cetis-15","status":"publish","type":"post","link":"http:\/\/vocesver.com\/noticias\/todo-un-exito-el-xxiv-festival-academico-celebrado-en-el-cetis-15\/","title":{"rendered":"Todo un \u00c9xito el XXIV Festival Acad\u00e9mico celebrado en el Cetis 15."},"content":{"rendered":"\n<p>POR.JOSE OLIVARES CORONA\/VOCESVER.COM\/NOTICIAS<br><br><br>Veracruz,Ver.,- a  5 de Noviembre 2024.-Luego de comentar que la poderosa escuadra del equipo de futbol femenil del CETIS 15, quienes son las campeonas estatales, se presentar\u00e1n en la competencia nacional a celebrarse en Chihuahua, del 24 al 28 del presente mes, representando a la DGETI Veracruz, donde esperan obtener buenos resultados, el Licenciado Edgar Ponce Santiago, director del Centro de Estudios Tecnol\u00f3gicos, Industrial y de Servicios No. 15, nos dijo, que el d\u00eda de hoy se celebr\u00f3 con mucho \u00e9xito la inauguraci\u00f3n y clausura del XXIV  Festival Acad\u00e9mico, en su etapa local, en dicho plantel.<br>En el mencionado evento se seleccionaron a los alumnos de 5 to. Semestre que representar\u00e1n al CETIS 15, en la etapa regional a celebrarse pr\u00f3ximamente.<br>Las 9 disciplinas promovidas por la DGETI, donde participaron un nutrido grupo de alumnos, son; Matem\u00e1ticas, F\u00edsica, Qu\u00edmica, Biolog\u00eda, Ingl\u00e9s, LEOyE, Humanidades y Ciencias Sociales, donde los m\u00e1s sobresalientes, representar\u00e1n a su escuela en la etapa regional, posteriormente, ir\u00e1n a la competencia estatal y as\u00ed dar el salto al evento nacional.<br>Por otra parte, Edgar Ponce, nos coment\u00f3, que est\u00e1n trabajando de la mano con la Sociedad de Padres de Familia, con mucha transparencia, para que se les d\u00e9 un incentivo a los j\u00f3venes que logren tener su pase a los distintos eventos a realizarse.<br>\u201cPodr\u00eda ser una laptop, una Tablet o algo que los motive a\u00fan m\u00e1s, para que pongan en alto a nuestra escuela en cada una de sus participaciones\u201d, nos dijo el entrevistado.<br>Finalmente, el director del Cetis 15 de esta ciudad y puerto de Veracruz, precis\u00f3, que est\u00e1n trabajando a marchas forzadas para mantener la matr\u00edcula en este plantel educativo.<br>\u201cEstamos trabajando para que la matr\u00edcula no baje, actualmente contamos con un total de 1966 alumnos, en los dos turnos, para que la cantidad de alumnado no decaiga, nos hemos involucrado todos los actores principales de esta instituci\u00f3n, somos un gran equipo, donde participamos; Padres de familia, alumnos, sindicato, representado por el maestro Pedro Vinay Santos, maestros, equipo de apoyo y directivos\u201d. Concluy\u00f3 el Licenciado Edgar Ponce Santiago.<br><br><br><br><br><br><br><br><br><br><br><br><br><br><br><br><br><br><br><br><br><br><br><br><br><br><br><\/p>\n","protected":false},"excerpt":{"rendered":"<p>POR.JOSE OLIVARES CORONA\/VOCESVER.COM\/NOTICIAS Veracruz,Ver.,- a 5 de Noviembre 2024.-Luego de comentar que la poderosa escuadra del equipo de futbol femenil<\/p>\n","protected":false},"author":2,"featured_media":44673,"comment_status":"open","ping_status":"open","sticky":false,"template":"","format":"standard","meta":{"colormag_page_container_layout":"default_layout","colormag_page_sidebar_layout":"default_layout","footnotes":""},"categories":[1],"tags":[],"class_list":["post-44662","post","type-post","status-publish","format-standard","has-post-thumbnail","hentry","category-sin-categoria"],"_links":{"self":[{"href":"http:\/\/vocesver.com\/noticias\/wp-json\/wp\/v2\/posts\/44662","targetHints":{"allow":["GET"]}}],"collection":[{"href":"http:\/\/vocesver.com\/noticias\/wp-json\/wp\/v2\/posts"}],"about":[{"href":"http:\/\/vocesver.com\/noticias\/wp-json\/wp\/v2\/types\/post"}],"author":[{"embeddable":true,"href":"http:\/\/vocesver.com\/noticias\/wp-json\/wp\/v2\/users\/2"}],"replies":[{"embeddable":true,"href":"http:\/\/vocesver.com\/noticias\/wp-json\/wp\/v2\/comments?post=44662"}],"version-history":[{"count":3,"href":"http:\/\/vocesver.com\/noticias\/wp-json\/wp\/v2\/posts\/44662\/revisions"}],"predecessor-version":[{"id":44672,"href":"http:\/\/vocesver.com\/noticias\/wp-json\/wp\/v2\/posts\/44662\/revisions\/44672"}],"wp:featuredmedia":[{"embeddable":true,"href":"http:\/\/vocesver.com\/noticias\/wp-json\/wp\/v2\/media\/44673"}],"wp:attachment":[{"href":"http:\/\/vocesver.com\/noticias\/wp-json\/wp\/v2\/media?parent=44662"}],"wp:term":[{"taxonomy":"category","embeddable":true,"href":"http:\/\/vocesver.com\/noticias\/wp-json\/wp\/v2\/categories?post=44662"},{"taxonomy":"post_tag","embeddable":true,"href":"http:\/\/vocesver.com\/noticias\/wp-json\/wp\/v2\/tags?post=44662"}],"curies":[{"name":"wp","href":"https:\/\/api.w.org\/{rel}","templated":true}]}}