{"id":44658,"date":"2024-11-04T22:27:53","date_gmt":"2024-11-04T22:27:53","guid":{"rendered":"http:\/\/vocesver.com\/noticias\/?p=44658"},"modified":"2024-11-05T21:13:50","modified_gmt":"2024-11-05T21:13:50","slug":"obras-del-centro-historico-solo-beneficiaran-una-parte-no-en-su-totalidadmedina-vargas","status":"publish","type":"post","link":"http:\/\/vocesver.com\/noticias\/obras-del-centro-historico-solo-beneficiaran-una-parte-no-en-su-totalidadmedina-vargas\/","title":{"rendered":"OBRAS DEL CENTRO HISTORICO SOLO BENEFICIARAN UNA PARTE, NO EN SU TOTALIDAD:MEDINA VARGAS"},"content":{"rendered":"\n<p><br><br><br>AUSENCIO RIVERA\/VOCESVER.COM\/NOTICIAS<br><br><br>Veracruz,Ver. a 4 de Noviembre 2024.En opini\u00f3n del licenciado Fernando Medina Vargas las obras que se construyen desde hace varios meses en el Centro Hist\u00f3rico de Veracruz se han convertido en una \u00ablavadera\u00bb de manos de Paty Lobeira toda vez que esas obras no se construyen con recursos propios del ayuntamiento sino con recursos de Asipona.<br>El presidente de la Asociaci\u00f3n Obrera Campesina Mexicana Unidad A,C y coordinador estatal de M\u00e9xico Avanza dijo que la afectaci\u00f3n econ\u00f3mica a hoteleros, restauranteros, y comerciantes de esa zona se debe a que la autoridad municipal le dio prioridad a las obras de la Plaza Comercial del Malec\u00f3n de Veracruz y no a las del Centro Hist\u00f3rico como debi\u00f3 ser.<br>Admiti\u00f3 asimismo  que las obras del Centro Hist\u00f3rico si son necesarias para mitigar las inundaciones que se tienen cuando llueve intensamente,pero no solo se inunda esa parte tambi\u00e9n se inundan los alrededores de los mercados y las colonias.<br>El entrevistado senal\u00f3 que esa obra se construyen con recursos de Asipona es porque esa dependencia federal esta pagando los impuestos prediales al municipio de administraciones municipales pasadas.\\<br>El abogado de profesion indic\u00f3 que estas obras beneficiaran solo a una parte del Centro Hist\u00f3rico, pero no en su totalidad. <br>Insisti\u00f3 que no solo esa zona se inunda cuando llueve copiosamente, tambi\u00e9n se inundan los alrededores del Parque Zamora entre otras partes importantes de la Ciudad. <br>Con estas obras solo se beneficiara el Ayuntamiento ,la Plaza del Centro Hist\u00f3rico y el Malec\u00f3n.<br>Ademas reconoci\u00f3 que esas obras van demasiado lentas,record\u00f3 que esas obras se terminarian antes de que empezara el Carnaval de este a\u00f1o y termino el mes de octubre y todav\u00eda no se le ve fin. <br>Esa lentitud por parte del Ayuntamiento afecta severamente a hoteles, caf\u00e9s y restaurantes de la zona del Centro Hist\u00f3rico que registran perdidas econ\u00f3micas <br>Asimismo exhort\u00f3 a los afectados a demandar al ayuntamiento de Veracruz por las afectaciones econ\u00f3micas que les ha provocado el retraso de dicha obra multimillonaria.<br><br><br><br><br><br><br><br><br><br><br><br><br><br><br><\/p>\n","protected":false},"excerpt":{"rendered":"<p>AUSENCIO RIVERA\/VOCESVER.COM\/NOTICIAS Veracruz,Ver. a 4 de Noviembre 2024.En opini\u00f3n del licenciado Fernando Medina Vargas las obras que se construyen desde<\/p>\n","protected":false},"author":2,"featured_media":44666,"comment_status":"open","ping_status":"open","sticky":false,"template":"","format":"standard","meta":{"colormag_page_container_layout":"default_layout","colormag_page_sidebar_layout":"default_layout","footnotes":""},"categories":[2],"tags":[],"class_list":["post-44658","post","type-post","status-publish","format-standard","has-post-thumbnail","hentry","category-infogral"],"_links":{"self":[{"href":"http:\/\/vocesver.com\/noticias\/wp-json\/wp\/v2\/posts\/44658","targetHints":{"allow":["GET"]}}],"collection":[{"href":"http:\/\/vocesver.com\/noticias\/wp-json\/wp\/v2\/posts"}],"about":[{"href":"http:\/\/vocesver.com\/noticias\/wp-json\/wp\/v2\/types\/post"}],"author":[{"embeddable":true,"href":"http:\/\/vocesver.com\/noticias\/wp-json\/wp\/v2\/users\/2"}],"replies":[{"embeddable":true,"href":"http:\/\/vocesver.com\/noticias\/wp-json\/wp\/v2\/comments?post=44658"}],"version-history":[{"count":5,"href":"http:\/\/vocesver.com\/noticias\/wp-json\/wp\/v2\/posts\/44658\/revisions"}],"predecessor-version":[{"id":44675,"href":"http:\/\/vocesver.com\/noticias\/wp-json\/wp\/v2\/posts\/44658\/revisions\/44675"}],"wp:featuredmedia":[{"embeddable":true,"href":"http:\/\/vocesver.com\/noticias\/wp-json\/wp\/v2\/media\/44666"}],"wp:attachment":[{"href":"http:\/\/vocesver.com\/noticias\/wp-json\/wp\/v2\/media?parent=44658"}],"wp:term":[{"taxonomy":"category","embeddable":true,"href":"http:\/\/vocesver.com\/noticias\/wp-json\/wp\/v2\/categories?post=44658"},{"taxonomy":"post_tag","embeddable":true,"href":"http:\/\/vocesver.com\/noticias\/wp-json\/wp\/v2\/tags?post=44658"}],"curies":[{"name":"wp","href":"https:\/\/api.w.org\/{rel}","templated":true}]}}