{"id":44557,"date":"2024-10-17T22:22:10","date_gmt":"2024-10-17T22:22:10","guid":{"rendered":"http:\/\/vocesver.com\/noticias\/?p=44557"},"modified":"2024-10-17T22:29:50","modified_gmt":"2024-10-17T22:29:50","slug":"se-reune-la-generacion-de-egresados-1963-de-bachilleres-nocturnos","status":"publish","type":"post","link":"http:\/\/vocesver.com\/noticias\/se-reune-la-generacion-de-egresados-1963-de-bachilleres-nocturnos\/","title":{"rendered":"SE REUNE LA GENERACI\u00d3N  DE EGRESADOS 1963 DE BACHILLERES NOCTURNOS."},"content":{"rendered":"\n<p><br>La encabez\u00f3 el ingeniero Alejandro Vite Mendoza, se llev\u00f3 a cabo en el Gran Caf\u00e9 del Portal de la Ciudad de Veracruz.<br><br><br>AUSENCIO RIVERA\/VOCESVER.COM\/NOTICIAS<br><\/p>\n\n\n\n<p>Veracruz,Ver,. a 17 de Octubre 2024.- Como cada a\u00f1o los egresados de Bachilleres Nocturnos de la Ciudad de Veracruz (Generaci\u00f3n 1963)se reunieron este jueves en el Gran Caf\u00e9 del Portal para recordar viejos tiempos, pero sobre todo fomentar los lazos de amistad y de fraternidad entre todos ellos.<br><br>Los egresados estuvieron encabezados por el ing. Alejandro Vite Mendoza quien nos explic\u00f3 que les toc\u00f3 vivir una bonita \u00e9poca de estudiantes donde predomin\u00f3 el respeto a los maestros y se fomentaban los valores entre el alumnado.<br> <br>Indic\u00f3 que entre los egresados salieron de aqu\u00ed buenos contadores, administradores,periodistas e ingenieros entre otros profesionistas. En general todo los que egresamos de aqu\u00ed la gran mayor\u00eda somos reconocidos profesionistas subrray\u00f3.<br>Explic\u00f3 que si se reunieron hoy en este caf\u00e9, es porque luego vienen las reuniones de fin de a\u00f1o y cada uno de nosotros nos reunimos con nuestras familias .<br>Aqu\u00ed se encuentran con nosotros un profesionistas que trabaj\u00f3 durante muchos a\u00f1os en Monterrey,otro fue Director de la Prepa, otra fue maestra y otros m\u00e1s que fueron funcionarios educativos.<br>La verdad fuimos una generaci\u00f3n de buenos estudiantes porque la mayor\u00eda resultamos ser excelentes profesionistas apunt\u00f3.<\/p>\n\n\n\n<p>Por ello, \u00abnos da mucho gusto reuinirnos cada a\u00f1o como hoy para platicar de nuestras an\u00e9cdotas de estudiantes y sobre todo para seguir adelante con nuestros proyectos de vida .<br>\u00a1\u00a1\u00a1\u00a1Muchas felicidades\u00a1\u00a1\u00a1 a todos ellos, ojal\u00e1 que estos encuentros nunca falten. La comunicaci\u00f3n y la convivencia son fundamentales para todos los seres humanos,. <br><br><br><br><br><br><br><br><br><br><br><br><br><br><br><br><br><br><br><\/p>\n","protected":false},"excerpt":{"rendered":"<p>La encabez\u00f3 el ingeniero Alejandro Vite Mendoza, se llev\u00f3 a cabo en el Gran Caf\u00e9 del Portal de la Ciudad<\/p>\n","protected":false},"author":2,"featured_media":44563,"comment_status":"open","ping_status":"open","sticky":false,"template":"","format":"standard","meta":{"colormag_page_container_layout":"default_layout","colormag_page_sidebar_layout":"default_layout","footnotes":""},"categories":[1],"tags":[],"class_list":["post-44557","post","type-post","status-publish","format-standard","has-post-thumbnail","hentry","category-sin-categoria"],"_links":{"self":[{"href":"http:\/\/vocesver.com\/noticias\/wp-json\/wp\/v2\/posts\/44557","targetHints":{"allow":["GET"]}}],"collection":[{"href":"http:\/\/vocesver.com\/noticias\/wp-json\/wp\/v2\/posts"}],"about":[{"href":"http:\/\/vocesver.com\/noticias\/wp-json\/wp\/v2\/types\/post"}],"author":[{"embeddable":true,"href":"http:\/\/vocesver.com\/noticias\/wp-json\/wp\/v2\/users\/2"}],"replies":[{"embeddable":true,"href":"http:\/\/vocesver.com\/noticias\/wp-json\/wp\/v2\/comments?post=44557"}],"version-history":[{"count":3,"href":"http:\/\/vocesver.com\/noticias\/wp-json\/wp\/v2\/posts\/44557\/revisions"}],"predecessor-version":[{"id":44565,"href":"http:\/\/vocesver.com\/noticias\/wp-json\/wp\/v2\/posts\/44557\/revisions\/44565"}],"wp:featuredmedia":[{"embeddable":true,"href":"http:\/\/vocesver.com\/noticias\/wp-json\/wp\/v2\/media\/44563"}],"wp:attachment":[{"href":"http:\/\/vocesver.com\/noticias\/wp-json\/wp\/v2\/media?parent=44557"}],"wp:term":[{"taxonomy":"category","embeddable":true,"href":"http:\/\/vocesver.com\/noticias\/wp-json\/wp\/v2\/categories?post=44557"},{"taxonomy":"post_tag","embeddable":true,"href":"http:\/\/vocesver.com\/noticias\/wp-json\/wp\/v2\/tags?post=44557"}],"curies":[{"name":"wp","href":"https:\/\/api.w.org\/{rel}","templated":true}]}}