{"id":44553,"date":"2024-10-17T21:39:26","date_gmt":"2024-10-17T21:39:26","guid":{"rendered":"http:\/\/vocesver.com\/noticias\/?p=44553"},"modified":"2024-10-17T21:42:45","modified_gmt":"2024-10-17T21:42:45","slug":"el-puerto-de-veracruzsera-sede-del-primer-colegio-de-nefrologos-del-estado-de-veracruzsolano-acosta","status":"publish","type":"post","link":"http:\/\/vocesver.com\/noticias\/el-puerto-de-veracruzsera-sede-del-primer-colegio-de-nefrologos-del-estado-de-veracruzsolano-acosta\/","title":{"rendered":"EL PUERTO DE VERACRUZ,SER\u00c1 SEDE DEL PRIMER COLEGIO DE NEFR\u00d3LOGOS DEL ESTADO DE VERACRUZ:SOLANO ACOSTA."},"content":{"rendered":"\n<p>AUSENCIO RIVERA\/VOCESVER.COM\/NOTICIAS<br><br>Veracruz,VER.-A 17 de Octubre 2024.-Debido a que la zona Conurbada Veracruz-Boca del R\u00edo existen una gran cantidad de nefr\u00f3lopos, el Puerto de Veracruz ser\u00e1 sede del primer colegio de nefr\u00f3logos del Estado de Veracruz,.<br>Lo anterior lo dio a conocer la nefr\u00f3loga Araceli Solano Acosta quien explic\u00f3 que este colegio tendr\u00e1 como presidente al Dr.Marco Tulio M\u00e9ndez e inicia funciones con un padr\u00f3n de 40 nefr\u00f3logos.<br>La tambi\u00e9n tesorera de este colegio dijo que ellos esperan que con el tiempo m\u00e1s nefr\u00f3logos se afilien a esta organizaci\u00f3n de especialistas.<br>Las enfermedades renales no duelen. pero la gente debe acudir a este especialista cuando empiecen con el descontrol  de la presi\u00f3n arterial o problemas de hipertensi\u00f3n.<br>Ah\u00ed es cuando tienen que hacerse estudios y acudir con este tipo de especialistas que ven todo lo relativo a las enfermedades renales. Los pacientes diab\u00e9ticos deben acudir a ver a este especialista cuando presente alg\u00fan edema o que se le empiecen a hinchar los pies ,que empiece a dejar de orinar o que empiece a tener anemias .A veces son peque\u00f1os s\u00edntomas que aparecen en estos pacientes,pero que ya est\u00e1n muy avanzados y reqquirem de la atenci\u00f3n de estos especialstas. <br>Explic\u00f3 que en el estado de Veracruz como a nivel nacional las enfermedades  renales m\u00e1s frecuentes son:la anefropat\u00eda diab\u00e9tica, la amefropat\u00eda de hipertensi\u00f3n entre otras.<\/p>\n\n\n\n<p>Desafortunadamente la entidad veracruzana est\u00e1 entre uno de los primeros estados en prevalencia de esfermedad renal.<br><br><br><br><br><br><br><br><br><br><br><br><br><br><br><br><br><br><br><br><\/p>\n","protected":false},"excerpt":{"rendered":"<p>AUSENCIO RIVERA\/VOCESVER.COM\/NOTICIAS Veracruz,VER.-A 17 de Octubre 2024.-Debido a que la zona Conurbada Veracruz-Boca del R\u00edo existen una gran cantidad de<\/p>\n","protected":false},"author":2,"featured_media":44559,"comment_status":"open","ping_status":"open","sticky":false,"template":"","format":"standard","meta":{"colormag_page_container_layout":"default_layout","colormag_page_sidebar_layout":"default_layout","footnotes":""},"categories":[1],"tags":[],"class_list":["post-44553","post","type-post","status-publish","format-standard","has-post-thumbnail","hentry","category-sin-categoria"],"_links":{"self":[{"href":"http:\/\/vocesver.com\/noticias\/wp-json\/wp\/v2\/posts\/44553","targetHints":{"allow":["GET"]}}],"collection":[{"href":"http:\/\/vocesver.com\/noticias\/wp-json\/wp\/v2\/posts"}],"about":[{"href":"http:\/\/vocesver.com\/noticias\/wp-json\/wp\/v2\/types\/post"}],"author":[{"embeddable":true,"href":"http:\/\/vocesver.com\/noticias\/wp-json\/wp\/v2\/users\/2"}],"replies":[{"embeddable":true,"href":"http:\/\/vocesver.com\/noticias\/wp-json\/wp\/v2\/comments?post=44553"}],"version-history":[{"count":2,"href":"http:\/\/vocesver.com\/noticias\/wp-json\/wp\/v2\/posts\/44553\/revisions"}],"predecessor-version":[{"id":44558,"href":"http:\/\/vocesver.com\/noticias\/wp-json\/wp\/v2\/posts\/44553\/revisions\/44558"}],"wp:featuredmedia":[{"embeddable":true,"href":"http:\/\/vocesver.com\/noticias\/wp-json\/wp\/v2\/media\/44559"}],"wp:attachment":[{"href":"http:\/\/vocesver.com\/noticias\/wp-json\/wp\/v2\/media?parent=44553"}],"wp:term":[{"taxonomy":"category","embeddable":true,"href":"http:\/\/vocesver.com\/noticias\/wp-json\/wp\/v2\/categories?post=44553"},{"taxonomy":"post_tag","embeddable":true,"href":"http:\/\/vocesver.com\/noticias\/wp-json\/wp\/v2\/tags?post=44553"}],"curies":[{"name":"wp","href":"https:\/\/api.w.org\/{rel}","templated":true}]}}