{"id":44392,"date":"2024-09-26T22:18:13","date_gmt":"2024-09-26T22:18:13","guid":{"rendered":"http:\/\/vocesver.com\/noticias\/?p=44392"},"modified":"2024-09-26T22:21:35","modified_gmt":"2024-09-26T22:21:35","slug":"carrera-amistosa-libertad-en-movimiento-esta-por-arrancar","status":"publish","type":"post","link":"http:\/\/vocesver.com\/noticias\/carrera-amistosa-libertad-en-movimiento-esta-por-arrancar\/","title":{"rendered":"CARRERA AMISTOSA LIBERTAD EN MOVIMIENTO EST\u00c1 POR ARRANCAR."},"content":{"rendered":"\n<p><br><br>AUSENCIO RIVERA\/VOCESVER.COM\/NOTICIAS<br><br>Veracruz,Ver.- a 26 de Septiembre 2024.<br>&#x1f3c3;&#x200d;&#x2640;&#xfe0f;&#x2764;&#xfe0f;&#x200d;&#x1f525; \u00a1La carrera amistosa Libertad en Movimiento est\u00e1 por comenzar! &#x1f3c3;&#x200d;&#x2642;&#xfe0f; \u00danete a nosotros, ser\u00e1 un evento lleno de memoria colectiva, energ\u00eda y compromiso. Gracias por el apoyo de Boca del R\u00edo @bocadelrio.ver a nuestros incre\u00edbles patrocinadores, amigos, familia y organizaciones que comparten nuestra visi\u00f3n y compromiso con la #Libertaddeprensa y la justicia social. &#x1f4f0; Tambi\u00e9n, reconocemos el invaluable respaldo de los medios de comunicaci\u00f3n, quienes han amplificado nuestro mensaje y nos han permitido llegar m\u00e1s lejos. @seguidores @fans destacados &#x1f4c5; \u00a1Nos vemos en la l\u00ednea de salida! &#x1f4f1;&#x2795; INFO 229 117 0065 \/ 2293 670050 &#x1f310; https:\/\/forms.gle\/DiCEsHZcpFWpEuXd6<br><br><br><br><br><br><br><br><br><br><br><br><br><br><br><br><br><br><br><br><br><br><br><br><br><\/p>\n","protected":false},"excerpt":{"rendered":"<p>AUSENCIO RIVERA\/VOCESVER.COM\/NOTICIAS Veracruz,Ver.- a 26 de Septiembre 2024.&#x1f3c3;&#x200d;&#x2640;&#xfe0f;&#x2764;&#xfe0f;&#x200d;&#x1f525; \u00a1La carrera amistosa Libertad en Movimiento est\u00e1 por comenzar! &#x1f3c3;&#x200d;&#x2642;&#xfe0f; \u00danete a<\/p>\n","protected":false},"author":2,"featured_media":44399,"comment_status":"open","ping_status":"open","sticky":false,"template":"","format":"standard","meta":{"colormag_page_container_layout":"default_layout","colormag_page_sidebar_layout":"default_layout","footnotes":""},"categories":[2],"tags":[],"class_list":["post-44392","post","type-post","status-publish","format-standard","has-post-thumbnail","hentry","category-infogral"],"_links":{"self":[{"href":"http:\/\/vocesver.com\/noticias\/wp-json\/wp\/v2\/posts\/44392","targetHints":{"allow":["GET"]}}],"collection":[{"href":"http:\/\/vocesver.com\/noticias\/wp-json\/wp\/v2\/posts"}],"about":[{"href":"http:\/\/vocesver.com\/noticias\/wp-json\/wp\/v2\/types\/post"}],"author":[{"embeddable":true,"href":"http:\/\/vocesver.com\/noticias\/wp-json\/wp\/v2\/users\/2"}],"replies":[{"embeddable":true,"href":"http:\/\/vocesver.com\/noticias\/wp-json\/wp\/v2\/comments?post=44392"}],"version-history":[{"count":2,"href":"http:\/\/vocesver.com\/noticias\/wp-json\/wp\/v2\/posts\/44392\/revisions"}],"predecessor-version":[{"id":44398,"href":"http:\/\/vocesver.com\/noticias\/wp-json\/wp\/v2\/posts\/44392\/revisions\/44398"}],"wp:featuredmedia":[{"embeddable":true,"href":"http:\/\/vocesver.com\/noticias\/wp-json\/wp\/v2\/media\/44399"}],"wp:attachment":[{"href":"http:\/\/vocesver.com\/noticias\/wp-json\/wp\/v2\/media?parent=44392"}],"wp:term":[{"taxonomy":"category","embeddable":true,"href":"http:\/\/vocesver.com\/noticias\/wp-json\/wp\/v2\/categories?post=44392"},{"taxonomy":"post_tag","embeddable":true,"href":"http:\/\/vocesver.com\/noticias\/wp-json\/wp\/v2\/tags?post=44392"}],"curies":[{"name":"wp","href":"https:\/\/api.w.org\/{rel}","templated":true}]}}