{"id":43955,"date":"2024-07-31T22:07:50","date_gmt":"2024-07-31T22:07:50","guid":{"rendered":"http:\/\/vocesver.com\/noticias\/?p=43955"},"modified":"2024-07-31T22:32:33","modified_gmt":"2024-07-31T22:32:33","slug":"reboulen-uribe-presenta-su-libro-2000-mil-anos-de-esclavitud-en-el-mundo","status":"publish","type":"post","link":"http:\/\/vocesver.com\/noticias\/reboulen-uribe-presenta-su-libro-2000-mil-anos-de-esclavitud-en-el-mundo\/","title":{"rendered":"Reboulen Uribe presenta su libro  \u00ab2000 mil a\u00f1os de esclavitud en el mundo\u00bb"},"content":{"rendered":"\n<p>El libro se encuentra en proceso de edici\u00f3n y de manera inicial tendr\u00e1 un tiraje de un millar.<br><br>AUSENCIO RIVERA\/VOCESVER.COM\/NOTICIAS<br>Veracruz, Ver.. A 31 de Julio 2024&#8230;.El reconocido abogado postulante y exdirector  del Penal Regional Allende de Veracruz, licenciado Juan Miguel Reboulen Uribe present\u00f3 la ma\u00f1ana de este mi\u00e9rcoles a la prensa su libro titulado \u00ab2000 mil a\u00f1os de esclavitud\u00bb.<br>En conferencia de medios el entrevistado relat\u00f3 que durante m\u00e1s de 4 a\u00f1os le llevo recopilar toda esta valiosa informaci\u00f3n ya que el fen\u00f3meno se present\u00f3 en diferentes partes del mundo incluyendo a M\u00e9xico.<\/p>\n\n\n\n<p>Y tras realizar un an\u00e1lisis profundo de este fen\u00f3meno social lleg\u00f3 a la conclusi\u00f3n de profundizar m\u00e1s en el tema y asi fue como surgi\u00f3 hacer este libro,<br>La idea de dar a conocer estos hechos por dem\u00e1s reprobables e inhumanos es que el lector se entere de toda esa barbarie que se dio en todo el mundo y que esto jam\u00e1s se vuelvan a repetir.<br>Explic\u00f3 que en estos momentos el libro se encuentra en proceso de edici\u00f3n y de entrada se mandaran a editar m\u00e1s de un millar para que el p\u00fablico y los gobiernos en turno no repitan estos hechos vergonzosos y denigrantes para todo ser humano.<br>El tambi\u00e9n exfuncionario de gobierno lament\u00f3 qu\u00e9 en nuestro pa\u00eds se haya presentado este fen\u00f3meno, afortunadamente ya se encuentra prohibido en la Constituci\u00f3n Pol\u00edtica de los Estados Unidos Mexicanos solo hay que exigir que se respeten las leyes.<br>Reboulen Uribe fue funcionario de gobierno por casi 30 a\u00f1os,tuvo el honor de estar aqu\u00ed en el puerto de Veracruz como Director del Penal Allende y en otros cerezos del Estado.<\/p>\n\n\n\n<p>En base a toda esta esa experiencia conoci\u00f3 varios aspectos de la historia de nuestro pueblo y de todos los pueblos del mundo..<\/p>\n\n\n\n<p>Dijo que a pesar de ser estudiante de la Facultad de derecho \u00absempre me dio por estudiar econom\u00eda pol\u00edtica, sobre todo estudiar la historia de los pueblos\u00bb.<\/p>\n\n\n\n<p>Se\u00f1al\u00f3 que se considera un pol\u00edtico de izquierda, surgi\u00f3 con el movimiento estudiantil del 68. Incluso admiti\u00f3 haber sido parte de dicho movimiento, en esa \u00e9poca presente mi t\u00e9sis profesional abordando este tema pero creo me qued\u00e9 corto por lo que opt\u00e9 por profundizar m\u00e1s y \u00e9ste es el resultado.  <\/p>\n\n\n\n<p>Yo en ese tiempo era un joven impetuoso y con estas ideas me dedique recopilar material sobre la esclavitud en todo el mundo ya que a cada momento resurg\u00eda el fen\u00f3meno en todas partes. <\/p>\n\n\n\n<p>En este libro el licenciado Rebolen Uribe plasma que a pesar del paso del tiempo la esclavitud todav\u00eda existe y vuelve a resurgir. Detall\u00f3 que quien no conoce la historia de los pueblos, no conoce el presente, <\/p>\n\n\n\n<p>Lamentablemente quienes no conocen la historia de su pa\u00eds est\u00e1n condenados a repetirla.<\/p>\n\n\n\n<p>Mi peque\u00f1a contribuci\u00f3n que hago a trav\u00e9s este libro sobre dicho tema es realizar un estudio un poco m\u00e1s profundo de la esclavitud desde hace 2 mil a\u00f1os. <\/p>\n\n\n\n<p>Este libro tard\u00f3 mucho en conretarse porque es una recopilaci\u00f3n \u00abporque yo no soy escritor, no tengo la imaginaci\u00f3n de algunos amigos periodistas , mucho menos la imaginaci\u00f3n de escritores, pero \u00e9sta es mi peque\u00f1a aportaci\u00f3n que hago a la sociedad mexicana y veraruzana . <\/p>\n\n\n\n<p>Yo soy un recopilador de datos y precisamente mi libro trata de 2 mil a\u00f1os de esclavitud,afortunadamente cont\u00e9 con el apoyo de amigos periodistas como Rossette y  Cecilio Baltazar entre otros que me ayudaron a recopilar los datos para hacer realidad este proyecto que considero ser\u00e1 de gran inter\u00e9s para todos los veraruzanos.<br><br><br><br><br><br><br><br><br><br><br><br><br><br><br><br><br><br><br><br><br><br><br><br><br><\/p>\n","protected":false},"excerpt":{"rendered":"<p>El libro se encuentra en proceso de edici\u00f3n y de manera inicial tendr\u00e1 un tiraje de un millar. AUSENCIO RIVERA\/VOCESVER.COM\/NOTICIASVeracruz,<\/p>\n","protected":false},"author":2,"featured_media":43964,"comment_status":"open","ping_status":"open","sticky":false,"template":"","format":"standard","meta":{"colormag_page_container_layout":"default_layout","colormag_page_sidebar_layout":"default_layout","footnotes":""},"categories":[2],"tags":[],"class_list":["post-43955","post","type-post","status-publish","format-standard","has-post-thumbnail","hentry","category-infogral"],"_links":{"self":[{"href":"http:\/\/vocesver.com\/noticias\/wp-json\/wp\/v2\/posts\/43955","targetHints":{"allow":["GET"]}}],"collection":[{"href":"http:\/\/vocesver.com\/noticias\/wp-json\/wp\/v2\/posts"}],"about":[{"href":"http:\/\/vocesver.com\/noticias\/wp-json\/wp\/v2\/types\/post"}],"author":[{"embeddable":true,"href":"http:\/\/vocesver.com\/noticias\/wp-json\/wp\/v2\/users\/2"}],"replies":[{"embeddable":true,"href":"http:\/\/vocesver.com\/noticias\/wp-json\/wp\/v2\/comments?post=43955"}],"version-history":[{"count":4,"href":"http:\/\/vocesver.com\/noticias\/wp-json\/wp\/v2\/posts\/43955\/revisions"}],"predecessor-version":[{"id":43966,"href":"http:\/\/vocesver.com\/noticias\/wp-json\/wp\/v2\/posts\/43955\/revisions\/43966"}],"wp:featuredmedia":[{"embeddable":true,"href":"http:\/\/vocesver.com\/noticias\/wp-json\/wp\/v2\/media\/43964"}],"wp:attachment":[{"href":"http:\/\/vocesver.com\/noticias\/wp-json\/wp\/v2\/media?parent=43955"}],"wp:term":[{"taxonomy":"category","embeddable":true,"href":"http:\/\/vocesver.com\/noticias\/wp-json\/wp\/v2\/categories?post=43955"},{"taxonomy":"post_tag","embeddable":true,"href":"http:\/\/vocesver.com\/noticias\/wp-json\/wp\/v2\/tags?post=43955"}],"curies":[{"name":"wp","href":"https:\/\/api.w.org\/{rel}","templated":true}]}}