{"id":43944,"date":"2024-07-31T03:11:41","date_gmt":"2024-07-31T03:11:41","guid":{"rendered":"http:\/\/vocesver.com\/noticias\/?p=43944"},"modified":"2024-07-31T03:13:23","modified_gmt":"2024-07-31T03:13:23","slug":"andres-figueroa-leal-tomo-protesta-como-nuevo-delegado-del-consejo-gastronomico-veracruzano","status":"publish","type":"post","link":"http:\/\/vocesver.com\/noticias\/andres-figueroa-leal-tomo-protesta-como-nuevo-delegado-del-consejo-gastronomico-veracruzano\/","title":{"rendered":"Andr\u00e9s Figueroa Leal tom\u00f3 protesta como nuevo delegado del Consejo Gastron\u00f3mico Veracruzano."},"content":{"rendered":"\n<p>Presente la futura Sec. de Turismo Dulce Mar\u00eda de la Reguera y La Lic. Bertha Ahued Malpica diputada loca electa distrito 14.<br>AUSENCIO RIVERA\/VOCESVER.COM\/NOTICIAS <br>Veracruz, Ver.. A 30 de Julio 2024..<br>La ma\u00f1ana de este martes el licenciado Andr\u00e9s Figueroa Leal tom\u00f3 protesta como nuevo delegado del Consejo Gastron\u00f3mico Veracruzano en el Puerto de Veracruz.<\/p>\n\n\n\n<p> La ceremonia se realiz\u00f3 en el Gran Caf\u00e9 del Portal de esta Ciudad en presencia de autoridades municipales y representantes de C\u00e1mara Empresariales.. <\/p>\n\n\n\n<p>El encargado de tomar la protesta y entregar dicho nombramiento fue el Lic. Sergio Salas Morfin presidente estatal del Consejo Gastron\u00f3mico Veracruzano. <\/p>\n\n\n\n<p>Al acto asisti\u00f3 Dulce Mar\u00eda de la Reguera futura secretaria de turismo en el Estado de Veracruz y la licenciada Bertha Ahued Malpica diputada local electa por el Distrito 14 entre otras distinguidas personalidades<\/p>\n\n\n\n<p>.Al evento tambi\u00e9n asisti\u00f3 el presidente de la Canaco Veracruz Jos\u00e9 Tom\u00e1s M\u00e9ndez y el dirigente regional de la CTM y \u00b4residente estatal del Congrso del Trabajo Leonel P\u00e9rez Herrera.<br><br><br><br><br><br><br><br><br><br><br><br><br><br><br><br><br><br><br><br><\/p>\n","protected":false},"excerpt":{"rendered":"<p>Presente la futura Sec. de Turismo Dulce Mar\u00eda de la Reguera y La Lic. Bertha Ahued Malpica diputada loca electa<\/p>\n","protected":false},"author":2,"featured_media":43952,"comment_status":"open","ping_status":"open","sticky":false,"template":"","format":"standard","meta":{"colormag_page_container_layout":"default_layout","colormag_page_sidebar_layout":"default_layout","footnotes":""},"categories":[2],"tags":[],"class_list":["post-43944","post","type-post","status-publish","format-standard","has-post-thumbnail","hentry","category-infogral"],"_links":{"self":[{"href":"http:\/\/vocesver.com\/noticias\/wp-json\/wp\/v2\/posts\/43944","targetHints":{"allow":["GET"]}}],"collection":[{"href":"http:\/\/vocesver.com\/noticias\/wp-json\/wp\/v2\/posts"}],"about":[{"href":"http:\/\/vocesver.com\/noticias\/wp-json\/wp\/v2\/types\/post"}],"author":[{"embeddable":true,"href":"http:\/\/vocesver.com\/noticias\/wp-json\/wp\/v2\/users\/2"}],"replies":[{"embeddable":true,"href":"http:\/\/vocesver.com\/noticias\/wp-json\/wp\/v2\/comments?post=43944"}],"version-history":[{"count":2,"href":"http:\/\/vocesver.com\/noticias\/wp-json\/wp\/v2\/posts\/43944\/revisions"}],"predecessor-version":[{"id":43951,"href":"http:\/\/vocesver.com\/noticias\/wp-json\/wp\/v2\/posts\/43944\/revisions\/43951"}],"wp:featuredmedia":[{"embeddable":true,"href":"http:\/\/vocesver.com\/noticias\/wp-json\/wp\/v2\/media\/43952"}],"wp:attachment":[{"href":"http:\/\/vocesver.com\/noticias\/wp-json\/wp\/v2\/media?parent=43944"}],"wp:term":[{"taxonomy":"category","embeddable":true,"href":"http:\/\/vocesver.com\/noticias\/wp-json\/wp\/v2\/categories?post=43944"},{"taxonomy":"post_tag","embeddable":true,"href":"http:\/\/vocesver.com\/noticias\/wp-json\/wp\/v2\/tags?post=43944"}],"curies":[{"name":"wp","href":"https:\/\/api.w.org\/{rel}","templated":true}]}}