{"id":43933,"date":"2024-07-31T02:41:49","date_gmt":"2024-07-31T02:41:49","guid":{"rendered":"http:\/\/vocesver.com\/noticias\/?p=43933"},"modified":"2024-07-31T02:43:45","modified_gmt":"2024-07-31T02:43:45","slug":"hay-estabilidad-laboral-en-veracruz-leonel-perez-herrera","status":"publish","type":"post","link":"http:\/\/vocesver.com\/noticias\/hay-estabilidad-laboral-en-veracruz-leonel-perez-herrera\/","title":{"rendered":"Hay estabilidad laboral en  Veracruz :Leonel P\u00e9rez Herrera."},"content":{"rendered":"\n<p>Asisti\u00f3 a la toma de protesta del Lic. Andr\u00e9s Figueroa como nuevo delegado del Consejo Gastron\u00f3mico Veracruzano en el Puerto de Veracruz.<br><br>AUSENCIO RIVERA\/VOCESVER.COM\/NOTICIAS<br>Veracruz,Ver. A 30 de Julio 2024. El secretario General de la CTM y presidente estatal del Congreso del Trabajo Leonel P\u00e9rez Herrera afirm\u00f3 que en lo que va del a\u00f1o no ha habido despido de trabajadores  el  empleo se mantiene estable en cientos de trabajadores que laboran en diferentes empresas de la entidad.<br>Entrevistado en marco de la ceremonia de toma de protesta del Lic. Andr\u00e9s Figueroa Leal como nuevo delegado del Consejo Gastron\u00f3mico Veracruzano  en el Puerto de Veracruz el dirigente sindical se pronunci\u00f3 porque el Gobierno Federal regule los precios de los productos de la canasta b\u00e1sica para que el salario m\u00ednimo no se vea afectado.<br>Reconoci\u00f3 que de nada sirve aumentar el salario m\u00ednimo cuando todos los productos de primera necesidad se disparan de precio.<br>El l\u00edder cetemista admiti\u00f3 que el aumento al salario m\u00ednimo es bueno y debe seguir subiendo, siempre y cuando se regulen m\u00e1s los precio de los productos de la canasta b\u00e1sica qu\u00e9 lamentablemente est\u00e1n a la alza en su gran mayor\u00eda.<br>Destac\u00f3 que esa regulaci\u00f3n de precios le corresponde al Gobierno Federal y a los empresarios para que la econom\u00eda de la clase trabajadora est\u00e9 estable.<br>Por otro lado dijo que ya ha habido acercamiento con la Gobernadora electa del Estado de Veracruz Ing. Roc\u00edo Nahle Garc\u00eda y a quien le\u00bb hemos pedido nos atienda todas las dem\u00e1s de la clase trabajadora en sus diferentes rubros\u00bb.<br>Destac\u00f3 que le han pedido haya estabilidad en el empleo, se cumplan las leyes laborales, mayor seguridad policial y sobre todo que no exista la simulaci\u00f3n ya que luego sucede que algunas leyes no se cumplen. <\/p>\n\n\n\n<p>\u00abNosotros como representantes laborales tenemos que vigilar que todo esto se cumpla para evitar que los derechos laborales de los trabajadores se vulneren\u00bb asever\u00f3.<br><br><br><br><br><br><br><br><br><br><br><br><br><br><br><br><br><br><br><br><br><br><br><br><\/p>\n","protected":false},"excerpt":{"rendered":"<p>Asisti\u00f3 a la toma de protesta del Lic. Andr\u00e9s Figueroa como nuevo delegado del Consejo Gastron\u00f3mico Veracruzano en el Puerto<\/p>\n","protected":false},"author":2,"featured_media":43942,"comment_status":"open","ping_status":"open","sticky":false,"template":"","format":"standard","meta":{"colormag_page_container_layout":"default_layout","colormag_page_sidebar_layout":"default_layout","footnotes":""},"categories":[2],"tags":[],"class_list":["post-43933","post","type-post","status-publish","format-standard","has-post-thumbnail","hentry","category-infogral"],"_links":{"self":[{"href":"http:\/\/vocesver.com\/noticias\/wp-json\/wp\/v2\/posts\/43933","targetHints":{"allow":["GET"]}}],"collection":[{"href":"http:\/\/vocesver.com\/noticias\/wp-json\/wp\/v2\/posts"}],"about":[{"href":"http:\/\/vocesver.com\/noticias\/wp-json\/wp\/v2\/types\/post"}],"author":[{"embeddable":true,"href":"http:\/\/vocesver.com\/noticias\/wp-json\/wp\/v2\/users\/2"}],"replies":[{"embeddable":true,"href":"http:\/\/vocesver.com\/noticias\/wp-json\/wp\/v2\/comments?post=43933"}],"version-history":[{"count":2,"href":"http:\/\/vocesver.com\/noticias\/wp-json\/wp\/v2\/posts\/43933\/revisions"}],"predecessor-version":[{"id":43940,"href":"http:\/\/vocesver.com\/noticias\/wp-json\/wp\/v2\/posts\/43933\/revisions\/43940"}],"wp:featuredmedia":[{"embeddable":true,"href":"http:\/\/vocesver.com\/noticias\/wp-json\/wp\/v2\/media\/43942"}],"wp:attachment":[{"href":"http:\/\/vocesver.com\/noticias\/wp-json\/wp\/v2\/media?parent=43933"}],"wp:term":[{"taxonomy":"category","embeddable":true,"href":"http:\/\/vocesver.com\/noticias\/wp-json\/wp\/v2\/categories?post=43933"},{"taxonomy":"post_tag","embeddable":true,"href":"http:\/\/vocesver.com\/noticias\/wp-json\/wp\/v2\/tags?post=43933"}],"curies":[{"name":"wp","href":"https:\/\/api.w.org\/{rel}","templated":true}]}}