{"id":43909,"date":"2024-07-28T18:33:12","date_gmt":"2024-07-28T18:33:12","guid":{"rendered":"http:\/\/vocesver.com\/noticias\/?p=43909"},"modified":"2024-07-28T18:34:33","modified_gmt":"2024-07-28T18:34:33","slug":"miguel-angel-n-es-un-delincuente-profugo-de-la-justicia-esteban-ramirez-zepeta","status":"publish","type":"post","link":"http:\/\/vocesver.com\/noticias\/miguel-angel-n-es-un-delincuente-profugo-de-la-justicia-esteban-ramirez-zepeta\/","title":{"rendered":"Miguel \u00c1ngel N es un delincuente pr\u00f3fugo de la justicia: Esteban Ram\u00edrez Zepeta."},"content":{"rendered":"\n<p>REDACCI\u00d3N\/VOCESVER.COM\/NOTICIAS<br>Xalapa, Veracruz a 28 de julio del 2024.<br>Esteban Ram\u00edrez Zepeta, presidente del Comit\u00e9 Ejecutivo Estatal de Morena en Veracruz, afirm\u00f3 que el hoy pr\u00f3fugo de la justicia, Miguel \u00c1ngel N, solo busca hacer creer a las y los veracruzanos que hay un triunfo detr\u00e1s de su desastrosa derrota.<br><br>Esto, luego de que la Sala Regional del Tribunal Federal Electoral en Xalapa desech\u00f3 una demanda de Morena que buscaba impedir que el panista rinda protesta como Senador.<br><br>\u201cMiguel \u00c1ngel N ya anda celebrando un triunfo que no es suyo y haci\u00e9ndose la v\u00edctima como si no fuera un delincuente, la orden de aprehensi\u00f3n en su contra est\u00e1 vigente en el extranjero con ficha roja y, por lo tanto, es un pr\u00f3fugo de la justicia\u201d.<br><br>Refiri\u00f3 que no se trata de una persecuci\u00f3n pol\u00edtica, ya que tanto Miguel \u00c1ngel N, como todo \u201csu clan\u201d son delincuentes se\u00f1alados y buscados por la justicia, pues tambi\u00e9n se suma Fernando N, al cual se le emiti\u00f3 una orden de aprehensi\u00f3n esta madrugada por da\u00f1o patrimonial a las cuentas p\u00fablicas del ayuntamiento de Veracruz.<br><br>\u201cNo es persecuci\u00f3n pol\u00edtica, \u00e9l y su clan son un cuarteto de delincuentes y a los delincuentes se les enjuicia. Hasta se fue a otro pa\u00eds y desde all\u00e1 intenta evadir la justicia como lo hizo desde las audiencias, donde no se present\u00f3 y se excus\u00f3 con justificantes falsos. El que nada debe, nada teme. Acepta tu derrota y afronta a la justicia.\u201d<br><br><br><br><br><br><br><br><br><br><br><br><br><br><br><br><br><br><br><br><br><br><\/p>\n","protected":false},"excerpt":{"rendered":"<p>REDACCI\u00d3N\/VOCESVER.COM\/NOTICIASXalapa, Veracruz a 28 de julio del 2024.Esteban Ram\u00edrez Zepeta, presidente del Comit\u00e9 Ejecutivo Estatal de Morena en Veracruz, afirm\u00f3<\/p>\n","protected":false},"author":2,"featured_media":43915,"comment_status":"open","ping_status":"open","sticky":false,"template":"","format":"standard","meta":{"colormag_page_container_layout":"default_layout","colormag_page_sidebar_layout":"default_layout","footnotes":""},"categories":[4],"tags":[],"class_list":["post-43909","post","type-post","status-publish","format-standard","has-post-thumbnail","hentry","category-estatal"],"_links":{"self":[{"href":"http:\/\/vocesver.com\/noticias\/wp-json\/wp\/v2\/posts\/43909","targetHints":{"allow":["GET"]}}],"collection":[{"href":"http:\/\/vocesver.com\/noticias\/wp-json\/wp\/v2\/posts"}],"about":[{"href":"http:\/\/vocesver.com\/noticias\/wp-json\/wp\/v2\/types\/post"}],"author":[{"embeddable":true,"href":"http:\/\/vocesver.com\/noticias\/wp-json\/wp\/v2\/users\/2"}],"replies":[{"embeddable":true,"href":"http:\/\/vocesver.com\/noticias\/wp-json\/wp\/v2\/comments?post=43909"}],"version-history":[{"count":2,"href":"http:\/\/vocesver.com\/noticias\/wp-json\/wp\/v2\/posts\/43909\/revisions"}],"predecessor-version":[{"id":43914,"href":"http:\/\/vocesver.com\/noticias\/wp-json\/wp\/v2\/posts\/43909\/revisions\/43914"}],"wp:featuredmedia":[{"embeddable":true,"href":"http:\/\/vocesver.com\/noticias\/wp-json\/wp\/v2\/media\/43915"}],"wp:attachment":[{"href":"http:\/\/vocesver.com\/noticias\/wp-json\/wp\/v2\/media?parent=43909"}],"wp:term":[{"taxonomy":"category","embeddable":true,"href":"http:\/\/vocesver.com\/noticias\/wp-json\/wp\/v2\/categories?post=43909"},{"taxonomy":"post_tag","embeddable":true,"href":"http:\/\/vocesver.com\/noticias\/wp-json\/wp\/v2\/tags?post=43909"}],"curies":[{"name":"wp","href":"https:\/\/api.w.org\/{rel}","templated":true}]}}