{"id":43901,"date":"2024-07-26T23:51:20","date_gmt":"2024-07-26T23:51:20","guid":{"rendered":"http:\/\/vocesver.com\/noticias\/?p=43901"},"modified":"2024-07-26T23:53:13","modified_gmt":"2024-07-26T23:53:13","slug":"en-un-ambiente-de-gran-camaraderia-se-llevo-a-cabo-el-segundo-viernes-de-meridiana","status":"publish","type":"post","link":"http:\/\/vocesver.com\/noticias\/en-un-ambiente-de-gran-camaraderia-se-llevo-a-cabo-el-segundo-viernes-de-meridiana\/","title":{"rendered":"En un ambiente de Gran camarader\u00eda se llev\u00f3 a cabo el segundo \u201cViernes de Meridiana\u201d"},"content":{"rendered":"\n<p>*En las instalaciones de la Orden Mexicana de Profesionales Mar\u00edtimos y Portuarios*.<br><br>*La reuni\u00f3n la presidi\u00f3 el Cap. Antonio Rodr\u00edguez Fritz.*<br>*Acudi\u00f3 como invitado especial el CAP. Rodolfo Salazar Lima presidente del Cegio de Marinos Mercantes de Veracruz.<br><br>AUSENCIO RIVERA\/VOCESVER.COM\/NOTICIAS<br>Veracruz, Ver.. A 26 de Julio 2024..Este medio d\u00eda se llev\u00f3 a cabo por segundo mes el denominado \u00abViernes de Meridiana\u00bben la Orden Mexicana de Profesionales Mar\u00edtimos y. Portuarios, Similares y Conexos. La reuni\u00f3n inici\u00f3 alrededor de las 13:00 hras,estuvo presidida por el Cap.Antonio Rodr\u00edguez Fritz Secretario General de esta organizaci\u00f3n. En entrevista nos explic\u00f3 la. idea es que los \u00faltimos viernes de cada mes \u00abnos reunamos en la ORDEN a tomar una cerveza de \u201cmeridiana\u201d con botanas y poder conversar sobre todos los temas que deseen.<br>Por ello pedimos a los Colegas que est\u00e9n por Veracruz,\u00bb que nos acompa\u00f1en este  viernes 26 de julio a partir de las 11:59 en la sede de la ORDEN en Veracruz\u00bb se\u00f1al\u00f3.<br>Al \u00abViernes de Meridiana\u00bb acudi\u00f3 como invitado el Capit\u00e1n de Altura Rodolfo Salazar Lima presidente del Colegio de Marinos Mercantes de Veracruz.Los tambi\u00e9n Capitanes de Altura Enrique Lozano Diaz y el Capit\u00e1n Santiago Garc\u00eda entre otros capitanes y socios de esta organizaci\u00f3n. Cabe mencionar que tras compartir el pan y la sal en la reuni\u00f3n predomino un ambiente de Gran camarader\u00eda entre todos los ah\u00ed presentes.<br><br><br><br><br><br><br><br><br><br><br><br><br><br><br><br><br><br><br><br><br><br><br><br><br><br><\/p>\n","protected":false},"excerpt":{"rendered":"<p>*En las instalaciones de la Orden Mexicana de Profesionales Mar\u00edtimos y Portuarios*. *La reuni\u00f3n la presidi\u00f3 el Cap. Antonio Rodr\u00edguez<\/p>\n","protected":false},"author":2,"featured_media":43907,"comment_status":"open","ping_status":"open","sticky":false,"template":"","format":"standard","meta":{"colormag_page_container_layout":"default_layout","colormag_page_sidebar_layout":"default_layout","footnotes":""},"categories":[2],"tags":[],"class_list":["post-43901","post","type-post","status-publish","format-standard","has-post-thumbnail","hentry","category-infogral"],"_links":{"self":[{"href":"http:\/\/vocesver.com\/noticias\/wp-json\/wp\/v2\/posts\/43901","targetHints":{"allow":["GET"]}}],"collection":[{"href":"http:\/\/vocesver.com\/noticias\/wp-json\/wp\/v2\/posts"}],"about":[{"href":"http:\/\/vocesver.com\/noticias\/wp-json\/wp\/v2\/types\/post"}],"author":[{"embeddable":true,"href":"http:\/\/vocesver.com\/noticias\/wp-json\/wp\/v2\/users\/2"}],"replies":[{"embeddable":true,"href":"http:\/\/vocesver.com\/noticias\/wp-json\/wp\/v2\/comments?post=43901"}],"version-history":[{"count":2,"href":"http:\/\/vocesver.com\/noticias\/wp-json\/wp\/v2\/posts\/43901\/revisions"}],"predecessor-version":[{"id":43906,"href":"http:\/\/vocesver.com\/noticias\/wp-json\/wp\/v2\/posts\/43901\/revisions\/43906"}],"wp:featuredmedia":[{"embeddable":true,"href":"http:\/\/vocesver.com\/noticias\/wp-json\/wp\/v2\/media\/43907"}],"wp:attachment":[{"href":"http:\/\/vocesver.com\/noticias\/wp-json\/wp\/v2\/media?parent=43901"}],"wp:term":[{"taxonomy":"category","embeddable":true,"href":"http:\/\/vocesver.com\/noticias\/wp-json\/wp\/v2\/categories?post=43901"},{"taxonomy":"post_tag","embeddable":true,"href":"http:\/\/vocesver.com\/noticias\/wp-json\/wp\/v2\/tags?post=43901"}],"curies":[{"name":"wp","href":"https:\/\/api.w.org\/{rel}","templated":true}]}}