{"id":43891,"date":"2024-07-25T23:41:50","date_gmt":"2024-07-25T23:41:50","guid":{"rendered":"http:\/\/vocesver.com\/noticias\/?p=43891"},"modified":"2024-07-25T23:43:26","modified_gmt":"2024-07-25T23:43:26","slug":"este-27-de-julio-la-asamblea-del-colegio-de-marinos-mercantes-de-veracruzsalazar-lima","status":"publish","type":"post","link":"http:\/\/vocesver.com\/noticias\/este-27-de-julio-la-asamblea-del-colegio-de-marinos-mercantes-de-veracruzsalazar-lima\/","title":{"rendered":"Este 27 de Julio la Asamblea del Colegio de MARINOS Mercantes de Veracruz:Salazar Lima."},"content":{"rendered":"\n<p>Se tratar\u00e1n temas de inter\u00e9s para todos los agremiados.<br><br>Veracruz, Ver. A  25de Julio 2024..<br>Estimados colegas, socios y amigos del Colegio, se les invita cordialmente a la Asamblea del s\u00e1bado 27 de julio del a\u00f1o en curso, en la cual se les dar\u00e1 a conocer las actividades que tiene este colegio con la Coordinacion de Puertos y Marina Mercante&#8230;y con los Colegios de la Rep\u00fablica Mexicana con los cuales acordamos unirnos y colaborar ..<br><br>Lo anterior lo dio a conocer el Capit\u00e1n de Altura Rodolfo Salazar Lima presidente del Colegio de Marinos Mercantes de Veracruz y quien agrrg\u00f3:Terminando la Asamblea se dar\u00e1 una comida a base de tacos de cochinita pibil Gourmet&#8230;como se acostumbra&#8230;esperamos contar con su presencia&#8230;Gracias&#8230;<br><br><br><br><br><br><br><br><br><br><br><br><br><br><br><br><br><br><br><br><br><\/p>\n","protected":false},"excerpt":{"rendered":"<p>Se tratar\u00e1n temas de inter\u00e9s para todos los agremiados. Veracruz, Ver. A 25de Julio 2024..Estimados colegas, socios y amigos del<\/p>\n","protected":false},"author":2,"featured_media":43899,"comment_status":"open","ping_status":"open","sticky":false,"template":"","format":"standard","meta":{"colormag_page_container_layout":"default_layout","colormag_page_sidebar_layout":"default_layout","footnotes":""},"categories":[2],"tags":[],"class_list":["post-43891","post","type-post","status-publish","format-standard","has-post-thumbnail","hentry","category-infogral"],"_links":{"self":[{"href":"http:\/\/vocesver.com\/noticias\/wp-json\/wp\/v2\/posts\/43891","targetHints":{"allow":["GET"]}}],"collection":[{"href":"http:\/\/vocesver.com\/noticias\/wp-json\/wp\/v2\/posts"}],"about":[{"href":"http:\/\/vocesver.com\/noticias\/wp-json\/wp\/v2\/types\/post"}],"author":[{"embeddable":true,"href":"http:\/\/vocesver.com\/noticias\/wp-json\/wp\/v2\/users\/2"}],"replies":[{"embeddable":true,"href":"http:\/\/vocesver.com\/noticias\/wp-json\/wp\/v2\/comments?post=43891"}],"version-history":[{"count":2,"href":"http:\/\/vocesver.com\/noticias\/wp-json\/wp\/v2\/posts\/43891\/revisions"}],"predecessor-version":[{"id":43897,"href":"http:\/\/vocesver.com\/noticias\/wp-json\/wp\/v2\/posts\/43891\/revisions\/43897"}],"wp:featuredmedia":[{"embeddable":true,"href":"http:\/\/vocesver.com\/noticias\/wp-json\/wp\/v2\/media\/43899"}],"wp:attachment":[{"href":"http:\/\/vocesver.com\/noticias\/wp-json\/wp\/v2\/media?parent=43891"}],"wp:term":[{"taxonomy":"category","embeddable":true,"href":"http:\/\/vocesver.com\/noticias\/wp-json\/wp\/v2\/categories?post=43891"},{"taxonomy":"post_tag","embeddable":true,"href":"http:\/\/vocesver.com\/noticias\/wp-json\/wp\/v2\/tags?post=43891"}],"curies":[{"name":"wp","href":"https:\/\/api.w.org\/{rel}","templated":true}]}}