{"id":43886,"date":"2024-07-25T23:09:52","date_gmt":"2024-07-25T23:09:52","guid":{"rendered":"http:\/\/vocesver.com\/noticias\/?p=43886"},"modified":"2024-07-25T23:11:42","modified_gmt":"2024-07-25T23:11:42","slug":"toman-protesta-nuevos-funcionarios-de-la-dgeta-y-cm-en-el-estado-de-veracruz","status":"publish","type":"post","link":"http:\/\/vocesver.com\/noticias\/toman-protesta-nuevos-funcionarios-de-la-dgeta-y-cm-en-el-estado-de-veracruz\/","title":{"rendered":"Toman Protesta nuevos funcionarios de la DGETA y CM en el estado de Veracruz"},"content":{"rendered":"\n<p>POR,jOSE OLIVARES CORONA\/VOCESVER.COM\/NOTICIAS<br><br>Veracruz, Ver.. A. 25 de Julio 2024.&#8211;Cumpliendo fielmente con los lineamientos estipulados por la Direcci\u00f3n General de Educaci\u00f3n Tecnol\u00f3gica Agropecuaria y Ciencias del Mar, el responsable de la oficina de enlace de la DGETAyCM en el estado de Veracruz, Dr. Francisco Manuel Henaro Romero, presidi\u00f3 el \u201cevento p\u00fablico para la asignaci\u00f3n de cargos con funci\u00f3n directiva o de supervisi\u00f3n en la Educaci\u00f3n Media Superior, ciclo escolar 2024-2025\u201d.<br>Este importante evento se llev\u00f3 a cabo en la ciudad de Coatepec, Veracruz, el d\u00eda de hoy en las instalaciones de la Unidad de Capacitaci\u00f3n para el Desarrollo Rural, UNCADER 2, donde se dieron cita importantes personalidades que fueron testigos presenciales, del transparente desarrollo de dichos trabajos.<br>El Pres\u00eddium estuvo integrado por Francisco Manuel Henaro Romero, representante de la Direcci\u00f3n General de Educaci\u00f3n Tecnol\u00f3gica Agropecuaria y Ciencias del Mar, Natividad Tlaxcala Luna, representante de la Secretar\u00eda de la Contralor\u00eda o equivalente de la entidad federativa, Raymundo Flores Flores, representante del sistema de anticorrupci\u00f3n local , Marvin Erick Hern\u00e1ndez Becerril, representante de la autoridad educativa federal y Lorena Ayala Alcal\u00e1, representante de USICAMM.<br>Se cont\u00f3 con observadores acreditados integrado por Carlos Eduardo Hermida Blanco, Jos\u00e9 Antonio de la Rosa Casta\u00f1eda, Ricardo El\u00edas Vega Berm\u00fadez, Rafael Maldonado L\u00f3pez, \u00c1ngela Hern\u00e1ndez Vega, Indira Viridiana Rivera Campos y Abel Rivas Contreras.<br>Por parte de los medios de comunicaci\u00f3n acreditados el C. Jos\u00e9 Olivares Corona, Secretario de Organizaci\u00f3n, del Club de Periodistas Digitales de Veracruz y representante de Comunicaci\u00f3n Social de la oficina de Enlace en Veracruz.<br>Los nuevos funcionarios que fueron beneficiados y que tomaron protesta del cargo, son:<br>Matilde Tiburcio Figueroa, Fabiola Santiago Ch\u00e1vez, Diana Hern\u00e1ndez Rojas, Jos\u00e9 Felipe Uscanga Mart\u00ednez, Rub\u00e9n Jaimes Maldonado, Luis Antonio Ortiz Trujillo, Mar\u00eda Soledad Zapata Lozano, Miguel \u00c1ngel Cruz Hern\u00e1ndez, Jorge Luis Albiter Jim\u00e9nez, Alejandro Benito Santos Cueto y \u00c1ngeles Teresa Reyes Camarena.<br>Al hacer uso de la palabra, para finalizar el Dr. HenaroRomero, luego de felicitarlos, les dijo a los reci\u00e9n nombrados funcionarios, que desempe\u00f1en su cargo con un alto sentido de responsabilidad y compromiso, ya que las circunstancia que se viven en el rengl\u00f3n de la educaci\u00f3n media superior, as\u00ed lo exigen.<br><br><br><br><br><br><br><br><br><br><br><br><br><br><br><br><br><br><br><br><br><br><\/p>\n","protected":false},"excerpt":{"rendered":"<p>POR,jOSE OLIVARES CORONA\/VOCESVER.COM\/NOTICIAS Veracruz, Ver.. A. 25 de Julio 2024.&#8211;Cumpliendo fielmente con los lineamientos estipulados por la Direcci\u00f3n General de<\/p>\n","protected":false},"author":2,"featured_media":43894,"comment_status":"open","ping_status":"open","sticky":false,"template":"","format":"standard","meta":{"colormag_page_container_layout":"default_layout","colormag_page_sidebar_layout":"default_layout","footnotes":""},"categories":[2],"tags":[],"class_list":["post-43886","post","type-post","status-publish","format-standard","has-post-thumbnail","hentry","category-infogral"],"_links":{"self":[{"href":"http:\/\/vocesver.com\/noticias\/wp-json\/wp\/v2\/posts\/43886","targetHints":{"allow":["GET"]}}],"collection":[{"href":"http:\/\/vocesver.com\/noticias\/wp-json\/wp\/v2\/posts"}],"about":[{"href":"http:\/\/vocesver.com\/noticias\/wp-json\/wp\/v2\/types\/post"}],"author":[{"embeddable":true,"href":"http:\/\/vocesver.com\/noticias\/wp-json\/wp\/v2\/users\/2"}],"replies":[{"embeddable":true,"href":"http:\/\/vocesver.com\/noticias\/wp-json\/wp\/v2\/comments?post=43886"}],"version-history":[{"count":2,"href":"http:\/\/vocesver.com\/noticias\/wp-json\/wp\/v2\/posts\/43886\/revisions"}],"predecessor-version":[{"id":43892,"href":"http:\/\/vocesver.com\/noticias\/wp-json\/wp\/v2\/posts\/43886\/revisions\/43892"}],"wp:featuredmedia":[{"embeddable":true,"href":"http:\/\/vocesver.com\/noticias\/wp-json\/wp\/v2\/media\/43894"}],"wp:attachment":[{"href":"http:\/\/vocesver.com\/noticias\/wp-json\/wp\/v2\/media?parent=43886"}],"wp:term":[{"taxonomy":"category","embeddable":true,"href":"http:\/\/vocesver.com\/noticias\/wp-json\/wp\/v2\/categories?post=43886"},{"taxonomy":"post_tag","embeddable":true,"href":"http:\/\/vocesver.com\/noticias\/wp-json\/wp\/v2\/tags?post=43886"}],"curies":[{"name":"wp","href":"https:\/\/api.w.org\/{rel}","templated":true}]}}