{"id":43882,"date":"2024-07-25T22:46:08","date_gmt":"2024-07-25T22:46:08","guid":{"rendered":"http:\/\/vocesver.com\/noticias\/?p=43882"},"modified":"2024-07-25T23:00:51","modified_gmt":"2024-07-25T23:00:51","slug":"este-iernes-el-segundo-viernes-de-meridiana-rodriguez-fritz","status":"publish","type":"post","link":"http:\/\/vocesver.com\/noticias\/este-iernes-el-segundo-viernes-de-meridiana-rodriguez-fritz\/","title":{"rendered":"Este viernes el Segundo \u00abViernes de Meridiana\u00bb Rodriguez Fritz."},"content":{"rendered":"\n<p><br><br>En la Orden Mexicana de Profesionales Mar\u00edtimos y Portuarios.<br><br><br>AUSENCIO RIVERA\/VOCESVER.COM\/NOTICIAS<br><br>Veracruz, Ver.. A 25 de Julio 2024..El Capit\u00e1n Antonio Rodriguez Fritz secretario General de la Orden Mexicana de Profesionales Mar\u00edtimos y Portuarios, Similares y Conexos inform\u00f3 que el 26 de julio se estar\u00e1 realizando el segundo \u201cViernes de Meridiana\u201d.<br>El reconocido dirigente sindical explic\u00f3 la idea es que los \u00faltimos viernes de cada mes nos reunamos en la ORDEN a tomar una cerveza de \u201cmeridiana\u201d con botanas y poder conversar sobre todos los temas que deseen.<br>Destac\u00f3 por ello les pedimos a los socios y colegas que est\u00e9n por Veracruz, \u00abque nos acompa\u00f1en este pr\u00f3ximo viernes 26 de julio a partir de las 11:59 en la sede de la ORDEN en Veracruz\u00bb.<br>Agradecemos confirmar su asistencia V\u00eda WhatsApp al 229 185 7301 subrray\u00f3.<br><br><br><br><br><br><br><br><br><br><br><br><br><br><br><br><br><br><br><br><br><br><br><br><br><br><br><br><br><br><\/p>\n","protected":false},"excerpt":{"rendered":"<p>En la Orden Mexicana de Profesionales Mar\u00edtimos y Portuarios. AUSENCIO RIVERA\/VOCESVER.COM\/NOTICIAS Veracruz, Ver.. A 25 de Julio 2024..El Capit\u00e1n Antonio<\/p>\n","protected":false},"author":2,"featured_media":43888,"comment_status":"open","ping_status":"open","sticky":false,"template":"","format":"standard","meta":{"colormag_page_container_layout":"default_layout","colormag_page_sidebar_layout":"default_layout","footnotes":""},"categories":[2],"tags":[],"class_list":["post-43882","post","type-post","status-publish","format-standard","has-post-thumbnail","hentry","category-infogral"],"_links":{"self":[{"href":"http:\/\/vocesver.com\/noticias\/wp-json\/wp\/v2\/posts\/43882","targetHints":{"allow":["GET"]}}],"collection":[{"href":"http:\/\/vocesver.com\/noticias\/wp-json\/wp\/v2\/posts"}],"about":[{"href":"http:\/\/vocesver.com\/noticias\/wp-json\/wp\/v2\/types\/post"}],"author":[{"embeddable":true,"href":"http:\/\/vocesver.com\/noticias\/wp-json\/wp\/v2\/users\/2"}],"replies":[{"embeddable":true,"href":"http:\/\/vocesver.com\/noticias\/wp-json\/wp\/v2\/comments?post=43882"}],"version-history":[{"count":3,"href":"http:\/\/vocesver.com\/noticias\/wp-json\/wp\/v2\/posts\/43882\/revisions"}],"predecessor-version":[{"id":43889,"href":"http:\/\/vocesver.com\/noticias\/wp-json\/wp\/v2\/posts\/43882\/revisions\/43889"}],"wp:featuredmedia":[{"embeddable":true,"href":"http:\/\/vocesver.com\/noticias\/wp-json\/wp\/v2\/media\/43888"}],"wp:attachment":[{"href":"http:\/\/vocesver.com\/noticias\/wp-json\/wp\/v2\/media?parent=43882"}],"wp:term":[{"taxonomy":"category","embeddable":true,"href":"http:\/\/vocesver.com\/noticias\/wp-json\/wp\/v2\/categories?post=43882"},{"taxonomy":"post_tag","embeddable":true,"href":"http:\/\/vocesver.com\/noticias\/wp-json\/wp\/v2\/tags?post=43882"}],"curies":[{"name":"wp","href":"https:\/\/api.w.org\/{rel}","templated":true}]}}