{"id":43878,"date":"2024-07-24T22:01:34","date_gmt":"2024-07-24T22:01:34","guid":{"rendered":"http:\/\/vocesver.com\/noticias\/?p=43878"},"modified":"2024-07-24T22:04:52","modified_gmt":"2024-07-24T22:04:52","slug":"manzanita-confirma-su-retiro-definitivo-de-las-fiestas-del-carnaval-de-veracruz","status":"publish","type":"post","link":"http:\/\/vocesver.com\/noticias\/manzanita-confirma-su-retiro-definitivo-de-las-fiestas-del-carnaval-de-veracruz\/","title":{"rendered":"\u00abManzanita \u00abconfirma su retiro definitivo de las Fiestas del Carnaval de Veracruz."},"content":{"rendered":"\n<p>Actualmente tiene 76 a\u00f1os de edad y se retira con 51 a\u00f1os de participar en estas fiestas.<br>Se va muy contento y satisecho,pues logr\u00f3 todo lo que quiso.<br>AUSENCIO RIVERA\/VOCESVER.COM\/NOTICIAS<br>Veracruz, Ver.. A 23 de Julio 2024.. Con 76 a\u00f1os de edad y 51 a\u00f1os de participar en las tradicionales Fiestas del carnaval de Veracruz Jos\u00e9 Manuel Culell Meza mejor conocido como \u00abManzanita\u00bb confirm\u00f3 esta ma\u00f1ana su retiro definitivo de las fiestas del Rey Momo.<br>Dijo que se encuentra muy contento y satisfecho de participar en estas fiestas debido a que todo lo que quiso lo logre.<br>Adem\u00e1s de divertir a la gente hice muchos amigos en mi paso por esta fiestas tradiciales del puerto jarocho<br>Soy el \u00fanico rey del carnaval que cuenta con tres coronas, una de Rey del Carnaval, otra de Princeso y otra mas por la celebraci\u00f3n de los 50 a\u00f1os del carnaval de Veraceyz, considerado como uno de los m\u00e1s alegres del mundo<br>Enumer\u00f3 que en 2021 fui el rey de la Pandeimia del Carnaval de Veracruz.<br>En 2020 fue Juan del Carnaval, en 2015 participe como candidato a Rey, pero no qued\u00e9. <br>En 1973 qued\u00e9 como segundo princeso tras participar 8 candidatos a Rey de la Alegr\u00eda, <br>Sin duda que \u00abManzanita\u00bb es un rey del Carnaval que logr\u00f3 todo lo que quiso al participar ene estas fiestas, sobre todo es un rey que cuenta con mucha experiencia en este ramo.<br>El entrevistado agradeci\u00f3 al presidente del Comit\u00e9 Organizador del Carnaval licenciado Luis Antonio P\u00e9rez Fraga todo el apoyo brindado en la participaci\u00f3n de esta fiestas. <br><br><br><br><br><br><br><br><br><br><br><br><br><br><br><br><br><br><br><br><br><br><br><br><\/p>\n","protected":false},"excerpt":{"rendered":"<p>Actualmente tiene 76 a\u00f1os de edad y se retira con 51 a\u00f1os de participar en estas fiestas.Se va muy contento<\/p>\n","protected":false},"author":2,"featured_media":43884,"comment_status":"open","ping_status":"open","sticky":false,"template":"","format":"standard","meta":{"colormag_page_container_layout":"default_layout","colormag_page_sidebar_layout":"default_layout","footnotes":""},"categories":[1],"tags":[],"class_list":["post-43878","post","type-post","status-publish","format-standard","has-post-thumbnail","hentry","category-sin-categoria"],"_links":{"self":[{"href":"http:\/\/vocesver.com\/noticias\/wp-json\/wp\/v2\/posts\/43878","targetHints":{"allow":["GET"]}}],"collection":[{"href":"http:\/\/vocesver.com\/noticias\/wp-json\/wp\/v2\/posts"}],"about":[{"href":"http:\/\/vocesver.com\/noticias\/wp-json\/wp\/v2\/types\/post"}],"author":[{"embeddable":true,"href":"http:\/\/vocesver.com\/noticias\/wp-json\/wp\/v2\/users\/2"}],"replies":[{"embeddable":true,"href":"http:\/\/vocesver.com\/noticias\/wp-json\/wp\/v2\/comments?post=43878"}],"version-history":[{"count":2,"href":"http:\/\/vocesver.com\/noticias\/wp-json\/wp\/v2\/posts\/43878\/revisions"}],"predecessor-version":[{"id":43883,"href":"http:\/\/vocesver.com\/noticias\/wp-json\/wp\/v2\/posts\/43878\/revisions\/43883"}],"wp:featuredmedia":[{"embeddable":true,"href":"http:\/\/vocesver.com\/noticias\/wp-json\/wp\/v2\/media\/43884"}],"wp:attachment":[{"href":"http:\/\/vocesver.com\/noticias\/wp-json\/wp\/v2\/media?parent=43878"}],"wp:term":[{"taxonomy":"category","embeddable":true,"href":"http:\/\/vocesver.com\/noticias\/wp-json\/wp\/v2\/categories?post=43878"},{"taxonomy":"post_tag","embeddable":true,"href":"http:\/\/vocesver.com\/noticias\/wp-json\/wp\/v2\/tags?post=43878"}],"curies":[{"name":"wp","href":"https:\/\/api.w.org\/{rel}","templated":true}]}}