{"id":43874,"date":"2024-07-23T23:05:01","date_gmt":"2024-07-23T23:05:01","guid":{"rendered":"http:\/\/vocesver.com\/noticias\/?p=43874"},"modified":"2024-07-23T23:07:03","modified_gmt":"2024-07-23T23:07:03","slug":"existen-elementos-suficientes-para-que-el-congreso-del-estado-declare-la-extincion-de-grupo-masgrupo-casa-zapata-veraruz","status":"publish","type":"post","link":"http:\/\/vocesver.com\/noticias\/existen-elementos-suficientes-para-que-el-congreso-del-estado-declare-la-extincion-de-grupo-masgrupo-casa-zapata-veraruz\/","title":{"rendered":"EXISTEN ELEMENTOS SUFICIENTES PARA QUE EL CONGRESO DEL ESTADO DECLARE LA EXTINCI\u00d3N DE GRUPO MAS:GRUPO CASA ZAPATA VERARUZ."},"content":{"rendered":"\n<p><br><br>Gracias al extinto diputado Fernando Arteaga se investigan las corruptelas y abusos de dicha empresa:Rivera Garc\u00eda.<br>Acus\u00f3 a la alcadesa Patricia Lobeira de no apoyar la extinci\u00f3n de este grupo pese a tener facultades legales para hacerlo.<br><br>AUSENCIO RIVERA\/VOCESVER.COM\/NOTICIAS <br><br>Veracruz,Ver- 23 de Julio 2024.- Al reconocer que gracias al extinto diputado Local  Fernando Arteaga Aponte se investigan la corruptelas y abusos del  Grupo Mas y \u00abnosotros no vamos a parar con nuestro movimiento hasta lograr la extinci\u00f3n de esa empresa.\u00bb<br>Lo anterior lo se\u00f1al\u00f3 Pedro Rivera Garc\u00eda coordinador el Grupo Casa Zapata Veracruz quien explic\u00f3 que el  extinto legislador solicit\u00f3 un acuerdo a la Legislatura del Estado para que \u00e9sta empresa fuera investigada y s\u00ed se acord\u00f3 la petici\u00f3n del diputado.<br>Es por ello que existen investigaciones ya resueltas en  contra del Grupo Mas por parte del Orfis, de la Secretar\u00eda de Salud y por parte de la Procuradur\u00eda del Medio Ambiente. <br>\u00abNosotros consideramos que hoy est\u00e1 todo puesto para que sea declarada la extinci\u00f3n del Grupo M\u00e1s por parte de la Legislatura del Estado\u00bb. asegur\u00f3 el abogado de profesi\u00f3n.<br>Lamentablemente la ciudadan\u00eda no cuenta con el apoyo  de la presidenta Municipal Patricia Lobeira de Yunes \u00abporque no sabemos si es socia o c\u00f3mplice de ese grupo a qu\u00e9 intereses tenga. <br>Desconocemos cual es el inter\u00e9s de la al alcaldesa en este tema, \u00ablo cierto es que \u00e9sta no ha hecho nada  a pesar de que la ley la faculta  para que solicite la extinci\u00f3n tal y como lo hizo en su momento el presidente municipal de Medell\u00edn de Bravo. <br><br><br><br><br><br><br><br><br><br><br><br>4.<br>E<br><br><br><br><br><br><br><br><br><br><\/p>\n","protected":false},"excerpt":{"rendered":"<p>Gracias al extinto diputado Fernando Arteaga se investigan las corruptelas y abusos de dicha empresa:Rivera Garc\u00eda.Acus\u00f3 a la alcadesa Patricia<\/p>\n","protected":false},"author":2,"featured_media":43880,"comment_status":"open","ping_status":"open","sticky":false,"template":"","format":"standard","meta":{"colormag_page_container_layout":"default_layout","colormag_page_sidebar_layout":"default_layout","footnotes":""},"categories":[2],"tags":[],"class_list":["post-43874","post","type-post","status-publish","format-standard","has-post-thumbnail","hentry","category-infogral"],"_links":{"self":[{"href":"http:\/\/vocesver.com\/noticias\/wp-json\/wp\/v2\/posts\/43874","targetHints":{"allow":["GET"]}}],"collection":[{"href":"http:\/\/vocesver.com\/noticias\/wp-json\/wp\/v2\/posts"}],"about":[{"href":"http:\/\/vocesver.com\/noticias\/wp-json\/wp\/v2\/types\/post"}],"author":[{"embeddable":true,"href":"http:\/\/vocesver.com\/noticias\/wp-json\/wp\/v2\/users\/2"}],"replies":[{"embeddable":true,"href":"http:\/\/vocesver.com\/noticias\/wp-json\/wp\/v2\/comments?post=43874"}],"version-history":[{"count":2,"href":"http:\/\/vocesver.com\/noticias\/wp-json\/wp\/v2\/posts\/43874\/revisions"}],"predecessor-version":[{"id":43879,"href":"http:\/\/vocesver.com\/noticias\/wp-json\/wp\/v2\/posts\/43874\/revisions\/43879"}],"wp:featuredmedia":[{"embeddable":true,"href":"http:\/\/vocesver.com\/noticias\/wp-json\/wp\/v2\/media\/43880"}],"wp:attachment":[{"href":"http:\/\/vocesver.com\/noticias\/wp-json\/wp\/v2\/media?parent=43874"}],"wp:term":[{"taxonomy":"category","embeddable":true,"href":"http:\/\/vocesver.com\/noticias\/wp-json\/wp\/v2\/categories?post=43874"},{"taxonomy":"post_tag","embeddable":true,"href":"http:\/\/vocesver.com\/noticias\/wp-json\/wp\/v2\/tags?post=43874"}],"curies":[{"name":"wp","href":"https:\/\/api.w.org\/{rel}","templated":true}]}}