{"id":43851,"date":"2024-07-18T22:14:29","date_gmt":"2024-07-18T22:14:29","guid":{"rendered":"http:\/\/vocesver.com\/noticias\/?p=43851"},"modified":"2024-07-18T22:15:56","modified_gmt":"2024-07-18T22:15:56","slug":"recorren-cuitlahuac-garcia-y-rocio-nahle-obras-del-estadio-e-iluste-instituto-veracruzano","status":"publish","type":"post","link":"http:\/\/vocesver.com\/noticias\/recorren-cuitlahuac-garcia-y-rocio-nahle-obras-del-estadio-e-iluste-instituto-veracruzano\/","title":{"rendered":"RECORREN CUITL\u00c1HUAC GARC\u00cdA Y ROC\u00cdO NAHLE OBRAS DEL ESTADIO  E ILUSTE INSTITUTO VERACRUZANO."},"content":{"rendered":"\n<p>AUSENCIO RIVERA\/VOCESVER.COM\/NOTICIAS<br><br><br>Boca del R\u00edo, Ver., mi\u00e9rcoles 18 de julio de 2024.- Con gran avance e inversi\u00f3n en cada obra, este d\u00eda, la gobernadora electa de Veracruz, Roc\u00edo Nahle Garc\u00eda, acompa\u00f1\u00f3 al gobernador Cuitl\u00e1huac Garc\u00eda Jim\u00e9nez a un recorrido de supervisi\u00f3n en el estadio Luis de la Fuente \u201cEl Pirata\u201d y el Ilustre Instituto Veracruzano, plantel emblema de este municipio.<br><br>En la reconstrucci\u00f3n del coloso del fraccionamiento Reforma, ha habido un importante despliegue de recursos por lo que el gobierno de Veracruz trabaja a marchas forzadas para entregarla en tiempo y forma, estim\u00f3 el ejecutivo en turno de la entidad.<br><br>Por su parte, Roc\u00edo Nahle Garc\u00eda, se mostr\u00f3 satisfecha del avance sustancial del proyecto que pr\u00e1cticamente fue rehabilitado casi en 100 por ciento para que en unos meses m\u00e1s pueda ser reabierto al p\u00fablico y al f\u00fatbol de primera divisi\u00f3n.<br><br>Posterior a esta visita y acompa\u00f1ados de parte de su respectivo gabinete saliente y entrante, cada ejecutivo se traslad\u00f3 al IIV para supervisar la ampliaci\u00f3n que se realiza en el inmueble y las nuevas aulas que se est\u00e1n habilitando para las nuevas generaciones.<br><br>En total ser\u00e1n cuatro proyectos que han sido desarrollados por el gobierno de Veracruz solo en este plantel educativo.<br><br>De acuerdo al Instituto de Espacios Educativos, la inversi\u00f3n en planteles en este sexenio ha sido hist\u00f3rica.<br><br><br><br><br><br><br><br><br><br><br><br><br><br><br><br><br><br><br><br><br><br><br><br><br><\/p>\n","protected":false},"excerpt":{"rendered":"<p>AUSENCIO RIVERA\/VOCESVER.COM\/NOTICIAS Boca del R\u00edo, Ver., mi\u00e9rcoles 18 de julio de 2024.- Con gran avance e inversi\u00f3n en cada obra,<\/p>\n","protected":false},"author":2,"featured_media":43859,"comment_status":"open","ping_status":"open","sticky":false,"template":"","format":"standard","meta":{"colormag_page_container_layout":"default_layout","colormag_page_sidebar_layout":"default_layout","footnotes":""},"categories":[2],"tags":[],"class_list":["post-43851","post","type-post","status-publish","format-standard","has-post-thumbnail","hentry","category-infogral"],"_links":{"self":[{"href":"http:\/\/vocesver.com\/noticias\/wp-json\/wp\/v2\/posts\/43851","targetHints":{"allow":["GET"]}}],"collection":[{"href":"http:\/\/vocesver.com\/noticias\/wp-json\/wp\/v2\/posts"}],"about":[{"href":"http:\/\/vocesver.com\/noticias\/wp-json\/wp\/v2\/types\/post"}],"author":[{"embeddable":true,"href":"http:\/\/vocesver.com\/noticias\/wp-json\/wp\/v2\/users\/2"}],"replies":[{"embeddable":true,"href":"http:\/\/vocesver.com\/noticias\/wp-json\/wp\/v2\/comments?post=43851"}],"version-history":[{"count":2,"href":"http:\/\/vocesver.com\/noticias\/wp-json\/wp\/v2\/posts\/43851\/revisions"}],"predecessor-version":[{"id":43857,"href":"http:\/\/vocesver.com\/noticias\/wp-json\/wp\/v2\/posts\/43851\/revisions\/43857"}],"wp:featuredmedia":[{"embeddable":true,"href":"http:\/\/vocesver.com\/noticias\/wp-json\/wp\/v2\/media\/43859"}],"wp:attachment":[{"href":"http:\/\/vocesver.com\/noticias\/wp-json\/wp\/v2\/media?parent=43851"}],"wp:term":[{"taxonomy":"category","embeddable":true,"href":"http:\/\/vocesver.com\/noticias\/wp-json\/wp\/v2\/categories?post=43851"},{"taxonomy":"post_tag","embeddable":true,"href":"http:\/\/vocesver.com\/noticias\/wp-json\/wp\/v2\/tags?post=43851"}],"curies":[{"name":"wp","href":"https:\/\/api.w.org\/{rel}","templated":true}]}}