{"id":43846,"date":"2024-07-18T21:58:57","date_gmt":"2024-07-18T21:58:57","guid":{"rendered":"http:\/\/vocesver.com\/noticias\/?p=43846"},"modified":"2024-07-18T22:03:47","modified_gmt":"2024-07-18T22:03:47","slug":"invitan-a-conferencia-sobre-corredor-interoceanico","status":"publish","type":"post","link":"http:\/\/vocesver.com\/noticias\/invitan-a-conferencia-sobre-corredor-interoceanico\/","title":{"rendered":"INVITAN A CONFERENCIA SOBRE CORREDOR INTEROCEANICO."},"content":{"rendered":"\n<p>Ser\u00e1 el pr\u00f3ximo 22 de julio a las 10 am en Sal\u00f3n de la Ganadera Local de Soconusco.<br>El Expositor ser\u00e1 Jos\u00e9  Luis Ortega Vidal.<br><br>ATENTA INVITACI\u00d3N<br>El Honorable Ayuntamiento de Soconusco que preside el Lic. Cuauht\u00e9moc Baruch Custodio y la Lic. Alma Leticia Borquez Garc\u00eda extienden la invitaci\u00f3n al p\u00fablico en general a la magna conferencia   \u00abCorredor Interoce\u00e1nico del Istmo de Tehuantepec\u00bb Expositor Jos\u00e9 Luis Ortega Vidal, donde se tocaran temas de suma importancia como:<br>+ Impacto en la regi\u00f3n veracruzana<br>+ Influencia en la Subregi\u00f3n de Soconusco y Texistepec<br>+ Polos de Desarrollo para el Bienestar<br>+ Perfiles laborales, empleo y econom\u00eda<br>+ Avance y plazos, infraestructura del CIIT<br>+ V\u00ednculos con el sector productivo: industria, campo, servicios<br>+ Perspectiva sexenal con el cambio de gobierno<br><br>Los esperamos este lunes 22 de julio 2024 a las 10:00 horas en el Sal\u00f3n de la Ganadera Local de Soconusco.<br>EVENTO GRATUITO<br><br><br><br><br><br><br><br><br><br><br><br><br><br><br><br><br><br><br><br><br><br><br><br><br><\/p>\n","protected":false},"excerpt":{"rendered":"<p>Ser\u00e1 el pr\u00f3ximo 22 de julio a las 10 am en Sal\u00f3n de la Ganadera Local de Soconusco.El Expositor ser\u00e1<\/p>\n","protected":false},"author":2,"featured_media":43854,"comment_status":"open","ping_status":"open","sticky":false,"template":"","format":"standard","meta":{"colormag_page_container_layout":"default_layout","colormag_page_sidebar_layout":"default_layout","footnotes":""},"categories":[4],"tags":[],"class_list":["post-43846","post","type-post","status-publish","format-standard","has-post-thumbnail","hentry","category-estatal"],"_links":{"self":[{"href":"http:\/\/vocesver.com\/noticias\/wp-json\/wp\/v2\/posts\/43846","targetHints":{"allow":["GET"]}}],"collection":[{"href":"http:\/\/vocesver.com\/noticias\/wp-json\/wp\/v2\/posts"}],"about":[{"href":"http:\/\/vocesver.com\/noticias\/wp-json\/wp\/v2\/types\/post"}],"author":[{"embeddable":true,"href":"http:\/\/vocesver.com\/noticias\/wp-json\/wp\/v2\/users\/2"}],"replies":[{"embeddable":true,"href":"http:\/\/vocesver.com\/noticias\/wp-json\/wp\/v2\/comments?post=43846"}],"version-history":[{"count":2,"href":"http:\/\/vocesver.com\/noticias\/wp-json\/wp\/v2\/posts\/43846\/revisions"}],"predecessor-version":[{"id":43852,"href":"http:\/\/vocesver.com\/noticias\/wp-json\/wp\/v2\/posts\/43846\/revisions\/43852"}],"wp:featuredmedia":[{"embeddable":true,"href":"http:\/\/vocesver.com\/noticias\/wp-json\/wp\/v2\/media\/43854"}],"wp:attachment":[{"href":"http:\/\/vocesver.com\/noticias\/wp-json\/wp\/v2\/media?parent=43846"}],"wp:term":[{"taxonomy":"category","embeddable":true,"href":"http:\/\/vocesver.com\/noticias\/wp-json\/wp\/v2\/categories?post=43846"},{"taxonomy":"post_tag","embeddable":true,"href":"http:\/\/vocesver.com\/noticias\/wp-json\/wp\/v2\/tags?post=43846"}],"curies":[{"name":"wp","href":"https:\/\/api.w.org\/{rel}","templated":true}]}}