{"id":43842,"date":"2024-07-16T21:19:51","date_gmt":"2024-07-16T21:19:51","guid":{"rendered":"http:\/\/vocesver.com\/noticias\/?p=43842"},"modified":"2024-07-16T21:21:40","modified_gmt":"2024-07-16T21:21:40","slug":"se-llevo-a-cabo-la-ceremonia-de-clausura-de-la-esc-prim-sentimientos-de-la-nacion","status":"publish","type":"post","link":"http:\/\/vocesver.com\/noticias\/se-llevo-a-cabo-la-ceremonia-de-clausura-de-la-esc-prim-sentimientos-de-la-nacion\/","title":{"rendered":"SE LLEVO A CABO LA CEREMONIA DE CLAUSURA DE LA ESC. PRIM. SENTIMIENTOS DE LA NACI\u00d3N."},"content":{"rendered":"\n<p>Presente el licenciado Evirilio Tamar\u00edz Pimentel  dirigente estatal de Sentimientos de la Naci\u00f3n<br><br>AUSENCIO  RIVERA\/VOCESVER.COM\/NOTICIAS<br><br>Veracruz,Ver.- a 16 de Julio 2024.- Este martes se llev\u00f3 a cabo la ceremonia de clausura de la Escuela Primaria \u00abSentimientos de la Naci\u00f3n\u00bb del Municipio de Veracruz correspondiente a la Generaci\u00f3n 2018-2024.<br>La ceremonia se realiz\u00f3 alrededor de las 8 de la ma\u00f1ana en presencia de directivos y maestros del plantel, as\u00ed como  de padres de familia<br>Adem\u00e1s de autoridades educativas en dicha ceremonia se cont\u00f3 con la presencia del Licenciado Evirilio Tamar\u00edz Pimentel presidente estatal de de la Agrupaci\u00f3n Pol\u00edtica Social Sentimientos de la Naci\u00f3n y dirigente de la Colonia  Sentimietos de la Naci\u00f3n.<br>De acuerdo con el programa de clausura egresar\u00f3n de esta escuela alrededor de 24 estudiantes del Sexto A y 25 del Grupo Sexto B..<br>Acudi\u00f3 como invitado de honor el Pof. Arturo Dur\u00e1n Sosa supervisor Escolar de la Zona 032 entre otras distinguidas personalidades,<br><br><br><br><br><br><br><br><br><br><br><br><\/p>\n","protected":false},"excerpt":{"rendered":"<p>Presente el licenciado Evirilio Tamar\u00edz Pimentel dirigente estatal de Sentimientos de la Naci\u00f3n AUSENCIO RIVERA\/VOCESVER.COM\/NOTICIAS Veracruz,Ver.- a 16 de Julio<\/p>\n","protected":false},"author":2,"featured_media":43849,"comment_status":"open","ping_status":"open","sticky":false,"template":"","format":"standard","meta":{"colormag_page_container_layout":"default_layout","colormag_page_sidebar_layout":"default_layout","footnotes":""},"categories":[2],"tags":[],"class_list":["post-43842","post","type-post","status-publish","format-standard","has-post-thumbnail","hentry","category-infogral"],"_links":{"self":[{"href":"http:\/\/vocesver.com\/noticias\/wp-json\/wp\/v2\/posts\/43842","targetHints":{"allow":["GET"]}}],"collection":[{"href":"http:\/\/vocesver.com\/noticias\/wp-json\/wp\/v2\/posts"}],"about":[{"href":"http:\/\/vocesver.com\/noticias\/wp-json\/wp\/v2\/types\/post"}],"author":[{"embeddable":true,"href":"http:\/\/vocesver.com\/noticias\/wp-json\/wp\/v2\/users\/2"}],"replies":[{"embeddable":true,"href":"http:\/\/vocesver.com\/noticias\/wp-json\/wp\/v2\/comments?post=43842"}],"version-history":[{"count":3,"href":"http:\/\/vocesver.com\/noticias\/wp-json\/wp\/v2\/posts\/43842\/revisions"}],"predecessor-version":[{"id":43848,"href":"http:\/\/vocesver.com\/noticias\/wp-json\/wp\/v2\/posts\/43842\/revisions\/43848"}],"wp:featuredmedia":[{"embeddable":true,"href":"http:\/\/vocesver.com\/noticias\/wp-json\/wp\/v2\/media\/43849"}],"wp:attachment":[{"href":"http:\/\/vocesver.com\/noticias\/wp-json\/wp\/v2\/media?parent=43842"}],"wp:term":[{"taxonomy":"category","embeddable":true,"href":"http:\/\/vocesver.com\/noticias\/wp-json\/wp\/v2\/categories?post=43842"},{"taxonomy":"post_tag","embeddable":true,"href":"http:\/\/vocesver.com\/noticias\/wp-json\/wp\/v2\/tags?post=43842"}],"curies":[{"name":"wp","href":"https:\/\/api.w.org\/{rel}","templated":true}]}}