{"id":43838,"date":"2024-07-16T20:59:00","date_gmt":"2024-07-16T20:59:00","guid":{"rendered":"http:\/\/vocesver.com\/noticias\/?p=43838"},"modified":"2024-07-16T20:59:01","modified_gmt":"2024-07-16T20:59:01","slug":"rocio-nahle-va-a-ser-una-muy-buena-gobernadora-andres-manuel-lopez-obrador","status":"publish","type":"post","link":"http:\/\/vocesver.com\/noticias\/rocio-nahle-va-a-ser-una-muy-buena-gobernadora-andres-manuel-lopez-obrador\/","title":{"rendered":"Roc\u00edo Nahle va a ser una muy buena gobernadora: Andr\u00e9s Manuel L\u00f3pez Obrador"},"content":{"rendered":"\n<p>AUSENCIO RIVERA\/VOCESVER.COM\/NOTICIAS<br><br>Ciudad de M\u00e9xico, martes 16 julio de 2024.- En el estado de Veracruz, se va a continuar con el combate a la corrupci\u00f3n y con un muy buen gobierno gracias a la correcta elecci\u00f3n que hicieron los veracruzanos, asegur\u00f3 el presidente Andr\u00e9s Manuel L\u00f3pez Obrador desde \u201cLa Ma\u00f1anera\u201d<br><br>L\u00f3pez Obrador asegur\u00f3 que de la mano de la gobernadora electa, Roc\u00edo Nahle Garc\u00eda, se garantizar\u00e1 la paz y la tranquilidad de los veracruzanos.<br><br>\u201cYa va a haber un cambio, afortunadamente eligieron bien los veracruzanos, Roc\u00edo Nahle va a ser una muy buena gobernadora y se va a seguir combatiendo la corrupci\u00f3n\u201d.<br><br>Mencion\u00f3 que la entidad ha tenido una mejora considerable en el actual gobierno de Cuitl\u00e1huac Garc\u00eda, donde los datos arrojan buenos resultados en cuanto al combate a la delincuencia.<br><br>\u201cEn Veracruz se ha avanzado bastante, son menos homicidios, menos robos, menos secuestros si se compara con el gobierno anterior\u201d, coment\u00f3.<br><br>L\u00f3pez Obrador asever\u00f3 que la disminuci\u00f3n en la incidencia delictiva es notoria y no tiene comparaci\u00f3n con anteriores administraciones, adem\u00e1s de que est\u00e1 convencido que Veracruz qued\u00f3 en buenas manos y con el nuevo gobierno encabezado por Roc\u00edo Nahle, los resultados en materia de seguridad est\u00e1n garantizados.<br><br><br><br><br><br><br><br><br><br><br><br><br><br><br><br><br><br><br><br><br><br><br><br><br><br><br><br><br><br><br><br><br><br><br><br><br><br><br><br><br><br><br><br><br><br><br><\/p>\n","protected":false},"excerpt":{"rendered":"<p>AUSENCIO RIVERA\/VOCESVER.COM\/NOTICIAS Ciudad de M\u00e9xico, martes 16 julio de 2024.- En el estado de Veracruz, se va a continuar con<\/p>\n","protected":false},"author":2,"featured_media":43843,"comment_status":"open","ping_status":"open","sticky":false,"template":"","format":"standard","meta":{"colormag_page_container_layout":"default_layout","colormag_page_sidebar_layout":"default_layout","footnotes":""},"categories":[2],"tags":[],"class_list":["post-43838","post","type-post","status-publish","format-standard","has-post-thumbnail","hentry","category-infogral"],"_links":{"self":[{"href":"http:\/\/vocesver.com\/noticias\/wp-json\/wp\/v2\/posts\/43838","targetHints":{"allow":["GET"]}}],"collection":[{"href":"http:\/\/vocesver.com\/noticias\/wp-json\/wp\/v2\/posts"}],"about":[{"href":"http:\/\/vocesver.com\/noticias\/wp-json\/wp\/v2\/types\/post"}],"author":[{"embeddable":true,"href":"http:\/\/vocesver.com\/noticias\/wp-json\/wp\/v2\/users\/2"}],"replies":[{"embeddable":true,"href":"http:\/\/vocesver.com\/noticias\/wp-json\/wp\/v2\/comments?post=43838"}],"version-history":[{"count":2,"href":"http:\/\/vocesver.com\/noticias\/wp-json\/wp\/v2\/posts\/43838\/revisions"}],"predecessor-version":[{"id":43844,"href":"http:\/\/vocesver.com\/noticias\/wp-json\/wp\/v2\/posts\/43838\/revisions\/43844"}],"wp:featuredmedia":[{"embeddable":true,"href":"http:\/\/vocesver.com\/noticias\/wp-json\/wp\/v2\/media\/43843"}],"wp:attachment":[{"href":"http:\/\/vocesver.com\/noticias\/wp-json\/wp\/v2\/media?parent=43838"}],"wp:term":[{"taxonomy":"category","embeddable":true,"href":"http:\/\/vocesver.com\/noticias\/wp-json\/wp\/v2\/categories?post=43838"},{"taxonomy":"post_tag","embeddable":true,"href":"http:\/\/vocesver.com\/noticias\/wp-json\/wp\/v2\/tags?post=43838"}],"curies":[{"name":"wp","href":"https:\/\/api.w.org\/{rel}","templated":true}]}}