{"id":43835,"date":"2024-07-16T20:40:18","date_gmt":"2024-07-16T20:40:18","guid":{"rendered":"http:\/\/vocesver.com\/noticias\/?p=43835"},"modified":"2024-07-16T20:43:20","modified_gmt":"2024-07-16T20:43:20","slug":"la-proxima-alcaldesa-de-veracruz-sera-de-morenaunidad-de-barrios-y-colonias-2","status":"publish","type":"post","link":"http:\/\/vocesver.com\/noticias\/la-proxima-alcaldesa-de-veracruz-sera-de-morenaunidad-de-barrios-y-colonias-2\/","title":{"rendered":"La pr\u00f3xima alcaldesa de Veracruz ser\u00e1 de Morena:Unidad de Barrios y Colonias."},"content":{"rendered":"\n<p>Ausencio Rivera\/Vocesver. com\/noticias<br>Veracruz. Ver.. A 15 de Julio 2024..El Presidente de la Unidad de Barrios y Colonias del Puerto de Veracruz, Miguel \u00c1ngel Mariscal Mart\u00ednez se pronunci\u00f3 porque la pr\u00f3xima alcaldesa se Veracruz sea una mujer de Morena. Afortunamente en el Movimiento de Regeneraci\u00f3n Nacional existen muchas mujeres capaces e inteligentes que pueden hacer un buen papel en ben\u00e9fico de los veracruzanos. Asimismo dijo que esta organizaci\u00f3n que aglutina a decenas de colonias populares no apoyar\u00e1n a pol\u00edticos oportunistas qu\u00e9 solo lucran con la pobreza de la gente para poder conseguir sus fines pol\u00edticos. Sin mencionar nombres de las mujeres que podr\u00edan ser candidatas a la alcald\u00eda de Veracruz por Morena, el entrevistado insisti\u00f3 que esta organizaci\u00f3n no apoyara a pol\u00edticos oportunistas que mediante las dadivas lograron conseguir cargos de elecci\u00f3n popular en el reciente proceso electoral. Volviendo al tema de la alcald\u00eda, Mariscal Mart\u00ednez dijo quelas mujeres que podr\u00edan hacer un buen papel como alcaldesas actualmente son diputadas. Por otro lado se\u00f1al\u00f3 que mientras un diario local pone a la alcaldesa de Veracruz como a una de las mejores presidenta municipales, para la Unidad de Barrios y Colonias Populares ha sido la peor presidenta que ha tenido el municipio en la Historia de Veracruz. Al se\u00f1alar que a esta le qued\u00f3 grande el cargo de presidenta municipal, el entrevistado dijo que su gobierno se olvid\u00f3 de apoyar a las colonias populares las cuales acusan severo abandono y falta de servicios como:guarniciones y banquetas, pavimentaci\u00f3n de calles y mayor vigilancia policiaca entre muchos otros.<br><br><br><br><br><br><br><br><br><br><br><br><br><br><br><br><br><br><br><br><br><br><br><br><br><\/p>\n","protected":false},"excerpt":{"rendered":"<p>Ausencio Rivera\/Vocesver. com\/noticiasVeracruz. Ver.. A 15 de Julio 2024..El Presidente de la Unidad de Barrios y Colonias del Puerto de<\/p>\n","protected":false},"author":2,"featured_media":43840,"comment_status":"open","ping_status":"open","sticky":false,"template":"","format":"standard","meta":{"colormag_page_container_layout":"default_layout","colormag_page_sidebar_layout":"default_layout","footnotes":""},"categories":[2],"tags":[],"class_list":["post-43835","post","type-post","status-publish","format-standard","has-post-thumbnail","hentry","category-infogral"],"_links":{"self":[{"href":"http:\/\/vocesver.com\/noticias\/wp-json\/wp\/v2\/posts\/43835","targetHints":{"allow":["GET"]}}],"collection":[{"href":"http:\/\/vocesver.com\/noticias\/wp-json\/wp\/v2\/posts"}],"about":[{"href":"http:\/\/vocesver.com\/noticias\/wp-json\/wp\/v2\/types\/post"}],"author":[{"embeddable":true,"href":"http:\/\/vocesver.com\/noticias\/wp-json\/wp\/v2\/users\/2"}],"replies":[{"embeddable":true,"href":"http:\/\/vocesver.com\/noticias\/wp-json\/wp\/v2\/comments?post=43835"}],"version-history":[{"count":2,"href":"http:\/\/vocesver.com\/noticias\/wp-json\/wp\/v2\/posts\/43835\/revisions"}],"predecessor-version":[{"id":43839,"href":"http:\/\/vocesver.com\/noticias\/wp-json\/wp\/v2\/posts\/43835\/revisions\/43839"}],"wp:featuredmedia":[{"embeddable":true,"href":"http:\/\/vocesver.com\/noticias\/wp-json\/wp\/v2\/media\/43840"}],"wp:attachment":[{"href":"http:\/\/vocesver.com\/noticias\/wp-json\/wp\/v2\/media?parent=43835"}],"wp:term":[{"taxonomy":"category","embeddable":true,"href":"http:\/\/vocesver.com\/noticias\/wp-json\/wp\/v2\/categories?post=43835"},{"taxonomy":"post_tag","embeddable":true,"href":"http:\/\/vocesver.com\/noticias\/wp-json\/wp\/v2\/tags?post=43835"}],"curies":[{"name":"wp","href":"https:\/\/api.w.org\/{rel}","templated":true}]}}