{"id":43817,"date":"2024-07-15T23:11:40","date_gmt":"2024-07-15T23:11:40","guid":{"rendered":"http:\/\/vocesver.com\/noticias\/?p=43817"},"modified":"2024-07-15T23:50:02","modified_gmt":"2024-07-15T23:50:02","slug":"la-proxima-alcaldes-de-veracruz-sera-una-mujer-de-morenaunidad-de-barrios-y-colonias","status":"publish","type":"post","link":"http:\/\/vocesver.com\/noticias\/la-proxima-alcaldes-de-veracruz-sera-una-mujer-de-morenaunidad-de-barrios-y-colonias\/","title":{"rendered":"CON \u2018ORDEN Y LIMPIEZA\u2019, EMBELLECEREMOS NUESTRAS COMUNIDADES Y MUNICIPIOS ADELANTA ROC\u00cdO NAHLE"},"content":{"rendered":"\n<p>&gt;El turismo ser\u00e1 motor de la econom\u00eda.<br>&gt;Vine a agradecer, a recibir las solicitudes y necesidades como lo har\u00e9 los pr\u00f3ximos seis a\u00f1os.<br><br>AUSENCIO RIVERA\/VOCESVER.COM\/NOTICIAS<br>\u00c1lamo, Ver., domingo 15 de julio de 2024.- Para atraer turismo y generar derrama econ\u00f3mica debemos empezar por hablar bien de Veracruz y preparar la casa, por ello iniciaremos el programa \u2018Orden y Limpieza\u2019 en los 212 municipios, Pueblos M\u00e1gicos y comunidades del estado, anunci\u00f3 la gobernadora electa, Roc\u00edo Nahle Garc\u00eda.<br><br>El \u201ccarro completo\u201d que la Cuarta Transformaci\u00f3n obtuvo el pasado 2 de junio, obliga a responder con mayor responsabilidad con un trabajo ordenado \u201cescuchando y resolviendo\u201d, explic\u00f3.<br><br>Agreg\u00f3 que el Plan Estatal de Desarrollo 2024- 2030 contempla una visi\u00f3n integral del desarrollo tur\u00edstico y para lograr detonar los atractivos locales primero deben estar a la altura de lo que se ofertar\u00e1 al mundo.<br><br>\u201cYo voy a trabajar con los 212 alcaldes en un programa muy bonito, muy bonito, se llama Orden y limpieza y es un programa muy sencillo, muy sencillo, y vamos a empezar a chulear y a embellecer nuestra comunidad, desde ah\u00ed vamos a empezar\u201d, afirm\u00f3.<br><br>Ante ello, cada regi\u00f3n y los 212 alcaldes del estado trabajar\u00e1n de manera coordinada con el gobierno estatal para lograr el objetivo.<br><br>\u201cCuando yo digo que tenemos que hablar bien de Veracruz es porque yo digo que tengo que hacer mi trabajo tambi\u00e9n para que Veracruz est\u00e9 bien, para que podamos hablar bien, y nuestros 212 municipios son hermosos, maravillosos, los 212, tenemos pueblos m\u00e1gicos\u201d, apunt\u00f3.<br><br><br><br><br><br><br><br><br><br><br><br><br><br><br><br><br><br><br><br><br><br><br><br><br><\/p>\n","protected":false},"excerpt":{"rendered":"<p>&gt;El turismo ser\u00e1 motor de la econom\u00eda.&gt;Vine a agradecer, a recibir las solicitudes y necesidades como lo har\u00e9 los pr\u00f3ximos<\/p>\n","protected":false},"author":2,"featured_media":43833,"comment_status":"open","ping_status":"open","sticky":false,"template":"","format":"standard","meta":{"colormag_page_container_layout":"default_layout","colormag_page_sidebar_layout":"default_layout","footnotes":""},"categories":[2],"tags":[],"class_list":["post-43817","post","type-post","status-publish","format-standard","has-post-thumbnail","hentry","category-infogral"],"_links":{"self":[{"href":"http:\/\/vocesver.com\/noticias\/wp-json\/wp\/v2\/posts\/43817","targetHints":{"allow":["GET"]}}],"collection":[{"href":"http:\/\/vocesver.com\/noticias\/wp-json\/wp\/v2\/posts"}],"about":[{"href":"http:\/\/vocesver.com\/noticias\/wp-json\/wp\/v2\/types\/post"}],"author":[{"embeddable":true,"href":"http:\/\/vocesver.com\/noticias\/wp-json\/wp\/v2\/users\/2"}],"replies":[{"embeddable":true,"href":"http:\/\/vocesver.com\/noticias\/wp-json\/wp\/v2\/comments?post=43817"}],"version-history":[{"count":7,"href":"http:\/\/vocesver.com\/noticias\/wp-json\/wp\/v2\/posts\/43817\/revisions"}],"predecessor-version":[{"id":43830,"href":"http:\/\/vocesver.com\/noticias\/wp-json\/wp\/v2\/posts\/43817\/revisions\/43830"}],"wp:featuredmedia":[{"embeddable":true,"href":"http:\/\/vocesver.com\/noticias\/wp-json\/wp\/v2\/media\/43833"}],"wp:attachment":[{"href":"http:\/\/vocesver.com\/noticias\/wp-json\/wp\/v2\/media?parent=43817"}],"wp:term":[{"taxonomy":"category","embeddable":true,"href":"http:\/\/vocesver.com\/noticias\/wp-json\/wp\/v2\/categories?post=43817"},{"taxonomy":"post_tag","embeddable":true,"href":"http:\/\/vocesver.com\/noticias\/wp-json\/wp\/v2\/tags?post=43817"}],"curies":[{"name":"wp","href":"https:\/\/api.w.org\/{rel}","templated":true}]}}