{"id":43806,"date":"2024-07-12T23:42:51","date_gmt":"2024-07-12T23:42:51","guid":{"rendered":"http:\/\/vocesver.com\/noticias\/?p=43806"},"modified":"2024-07-15T21:41:52","modified_gmt":"2024-07-15T21:41:52","slug":"locatarios-indpendientes-felicitan-a-la-doctora-claudia-sheinbaum-por-haber-ganado-la-presidencia-de-mexico","status":"publish","type":"post","link":"http:\/\/vocesver.com\/noticias\/locatarios-indpendientes-felicitan-a-la-doctora-claudia-sheinbaum-por-haber-ganado-la-presidencia-de-mexico\/","title":{"rendered":"LOCATARIOS INDPENDIENTES FELICITAN A LA DOCTORA CLAUDIA SHEINBAUM POR HABER GANADO LA PRESIDENCIA DE M\u00c9XICO."},"content":{"rendered":"\n<p>Estos comerciantes sostienen que no se equivocaron cuando se manifestar\u00f3n a su favor.<br>RIVERA\/VOCESVER.COM\/NOTICIAS<br><br> Veracruz,Ver.- a 12 de Julio 2024.- Locatarios Independientes de los Mercados de Veracruz felicitan a la Doctora Claudia Sheinbaum Pardo por haber ganado la Presidencia de la Rep\u00fablica el pasado dos 2 de Junio.<br>El presidente de estos comerciantes Fidel Lezama Fern\u00e1ndez extern\u00f3 los locatarios no, nos equivocamos cuando manifestamos que era la candidata id\u00f3nea de Morena para dirigir a este pa\u00eds. \u00abNosotros vimos que es la mejor preparada para continuar con las pol\u00edticas del Gobierno de la 4T\u00bb.<br>El pueblo de M\u00e9xico vot\u00f3 por ella porque estamos seguros que  le dar\u00e1 continuidad a la transformaci\u00f3n de M\u00e9xico.<br>Ahora que tome posesi\u00f3n del cargo nosotros le pediremos ayude a la Gobernadora  electa de Veracruz Ing. Roc\u00edo Nahle Garc\u00eda para que haga realidad su proyecto de construcci\u00f3n de un reservorio de agua en el Estado de Veracruz que ser\u00e1 de gran beneficio para la agricultura,<br>Por otro lado Lezama Fern\u00e1ndez dijo que los Ejidatarios de San Gabriel Chilac- Puebla  le solicitan a la Virtual Presidenta de M\u00e9xico Dra. Claudia Sheinbaum los ayude con obras de captaci\u00f3n de agua que se encuentra almacenda en las laderas  de este Ejido para beneficio de sus tierras y sus cultivos.<br><br><br><br><br><br><br><br><br><br><br><br><br><br><br><br><br><br><\/p>\n","protected":false},"excerpt":{"rendered":"<p>Estos comerciantes sostienen que no se equivocaron cuando se manifestar\u00f3n a su favor.RIVERA\/VOCESVER.COM\/NOTICIAS Veracruz,Ver.- a 12 de Julio 2024.- Locatarios<\/p>\n","protected":false},"author":2,"featured_media":43813,"comment_status":"open","ping_status":"open","sticky":false,"template":"","format":"standard","meta":{"colormag_page_container_layout":"default_layout","colormag_page_sidebar_layout":"default_layout","footnotes":""},"categories":[2],"tags":[],"class_list":["post-43806","post","type-post","status-publish","format-standard","has-post-thumbnail","hentry","category-infogral"],"_links":{"self":[{"href":"http:\/\/vocesver.com\/noticias\/wp-json\/wp\/v2\/posts\/43806","targetHints":{"allow":["GET"]}}],"collection":[{"href":"http:\/\/vocesver.com\/noticias\/wp-json\/wp\/v2\/posts"}],"about":[{"href":"http:\/\/vocesver.com\/noticias\/wp-json\/wp\/v2\/types\/post"}],"author":[{"embeddable":true,"href":"http:\/\/vocesver.com\/noticias\/wp-json\/wp\/v2\/users\/2"}],"replies":[{"embeddable":true,"href":"http:\/\/vocesver.com\/noticias\/wp-json\/wp\/v2\/comments?post=43806"}],"version-history":[{"count":3,"href":"http:\/\/vocesver.com\/noticias\/wp-json\/wp\/v2\/posts\/43806\/revisions"}],"predecessor-version":[{"id":43815,"href":"http:\/\/vocesver.com\/noticias\/wp-json\/wp\/v2\/posts\/43806\/revisions\/43815"}],"wp:featuredmedia":[{"embeddable":true,"href":"http:\/\/vocesver.com\/noticias\/wp-json\/wp\/v2\/media\/43813"}],"wp:attachment":[{"href":"http:\/\/vocesver.com\/noticias\/wp-json\/wp\/v2\/media?parent=43806"}],"wp:term":[{"taxonomy":"category","embeddable":true,"href":"http:\/\/vocesver.com\/noticias\/wp-json\/wp\/v2\/categories?post=43806"},{"taxonomy":"post_tag","embeddable":true,"href":"http:\/\/vocesver.com\/noticias\/wp-json\/wp\/v2\/tags?post=43806"}],"curies":[{"name":"wp","href":"https:\/\/api.w.org\/{rel}","templated":true}]}}