{"id":43800,"date":"2024-07-12T23:07:04","date_gmt":"2024-07-12T23:07:04","guid":{"rendered":"http:\/\/vocesver.com\/noticias\/?p=43800"},"modified":"2024-07-12T23:09:08","modified_gmt":"2024-07-12T23:09:08","slug":"se-reune-rocio-nahle-con-diputados-federales-electos","status":"publish","type":"post","link":"http:\/\/vocesver.com\/noticias\/se-reune-rocio-nahle-con-diputados-federales-electos\/","title":{"rendered":"SE RE\u00daNE ROC\u00cdO NAHLE CON DIPUTADOS FEDERALES ELECTOS"},"content":{"rendered":"\n<p>&gt;Previo al Di\u00e1logo Nacional para la Reforma al Poder Judicial.<br>&gt;Zenyazen Escobar Garc\u00eda, Coordinador de la Bancada de Diputados Federales de Veracruz, anuncia Roc\u00edo Nahle.<br>&gt;Se encuentran con Ricardo Monreal, quien a su vez coordinar\u00e1 a los diputados federales de Morena en la pr\u00f3xima Legislatura en la C\u00e1mara de Diputados.<br>AUSENCIO RIVERA\/VOCESVER.COM\/NOTICIAS<br>Xalapa, Ver., viernes 12 de julio de 2024.- En franca unidad y compromiso con la Cuarta Transformaci\u00f3n, la gobernadora de Veracruz, Roc\u00edo Nahle Garc\u00eda se reuni\u00f3 con los diputados federales veracruzanos electos y el actual senador y pr\u00f3ximo coordinador de la bancada de Morena en San L\u00e1zaro, Ricardo Monreal \u00c1vila.<br><br>En ese marco y previo al Di\u00e1logo Nacional para la Reforma al Poder Judicial, Roc\u00edo Nahle Garc\u00eda anunci\u00f3 que ser\u00e1 Zenyazen Escobar Garc\u00eda quien coordinar\u00e1 la bancada de los legisladores federales veracruzanos.<br><br>Ricardo Monreal adelant\u00f3 que para el inicio de la siguiente legislatura federal enfrentar\u00e1n seis grandes temas entre ellos, el Presupuesto de Egresos de la Federaci\u00f3n 2025 y la Ley de ISSSTE por lo que pidi\u00f3 compromiso y seriedad ante lo que viene.<br><br>De igual forma, felicit\u00f3 y reconoci\u00f3 a la gobernadora electa Roc\u00edo Nahle Garc\u00eda por su liderazgo y su hist\u00f3rico triunfo por lo que conmin\u00f3 a los diputados federales de Veracruz a cerrar filas con la gobernadora y con M\u00e9xico porque se acercan tiempos decisivos para nuestro pa\u00eds.<br><br>Asimismo, destac\u00f3 que es primordial crear un esp\u00edritu de equipo y una gran alianza para fortalecer la bancada que ya de por s\u00ed cuenta con mayor\u00eda calificada gracias al voto del pueblo.<br><br>Por su parte, Roc\u00edo Nahle exhort\u00f3 a los presentes a trabajar comprometidos y a no distraerse \u201cnos va a ir muy bien, por Veracruz\u201d, enfatiz\u00f3.<br><br>Al finalizar, Zenyazen Escobar Garc\u00eda hizo un llamado a sus hom\u00f3logos a respaldar a Roc\u00edo Nahle como la primer l\u00edder pol\u00edtica del Estado.<br><br><br><br><br><br><br><br><br><br><br><br><br><br><br><br><br><br><br><br><br><br><br><br><\/p>\n","protected":false},"excerpt":{"rendered":"<p>&gt;Previo al Di\u00e1logo Nacional para la Reforma al Poder Judicial.&gt;Zenyazen Escobar Garc\u00eda, Coordinador de la Bancada de Diputados Federales de<\/p>\n","protected":false},"author":2,"featured_media":43808,"comment_status":"open","ping_status":"open","sticky":false,"template":"","format":"standard","meta":{"colormag_page_container_layout":"default_layout","colormag_page_sidebar_layout":"default_layout","footnotes":""},"categories":[2],"tags":[],"class_list":["post-43800","post","type-post","status-publish","format-standard","has-post-thumbnail","hentry","category-infogral"],"_links":{"self":[{"href":"http:\/\/vocesver.com\/noticias\/wp-json\/wp\/v2\/posts\/43800","targetHints":{"allow":["GET"]}}],"collection":[{"href":"http:\/\/vocesver.com\/noticias\/wp-json\/wp\/v2\/posts"}],"about":[{"href":"http:\/\/vocesver.com\/noticias\/wp-json\/wp\/v2\/types\/post"}],"author":[{"embeddable":true,"href":"http:\/\/vocesver.com\/noticias\/wp-json\/wp\/v2\/users\/2"}],"replies":[{"embeddable":true,"href":"http:\/\/vocesver.com\/noticias\/wp-json\/wp\/v2\/comments?post=43800"}],"version-history":[{"count":3,"href":"http:\/\/vocesver.com\/noticias\/wp-json\/wp\/v2\/posts\/43800\/revisions"}],"predecessor-version":[{"id":43809,"href":"http:\/\/vocesver.com\/noticias\/wp-json\/wp\/v2\/posts\/43800\/revisions\/43809"}],"wp:featuredmedia":[{"embeddable":true,"href":"http:\/\/vocesver.com\/noticias\/wp-json\/wp\/v2\/media\/43808"}],"wp:attachment":[{"href":"http:\/\/vocesver.com\/noticias\/wp-json\/wp\/v2\/media?parent=43800"}],"wp:term":[{"taxonomy":"category","embeddable":true,"href":"http:\/\/vocesver.com\/noticias\/wp-json\/wp\/v2\/categories?post=43800"},{"taxonomy":"post_tag","embeddable":true,"href":"http:\/\/vocesver.com\/noticias\/wp-json\/wp\/v2\/tags?post=43800"}],"curies":[{"name":"wp","href":"https:\/\/api.w.org\/{rel}","templated":true}]}}