{"id":43777,"date":"2024-07-11T21:20:11","date_gmt":"2024-07-11T21:20:11","guid":{"rendered":"http:\/\/vocesver.com\/noticias\/?p=43777"},"modified":"2024-07-11T21:24:28","modified_gmt":"2024-07-11T21:24:28","slug":"reconoce-rocio-nahle-a-los-maestros-y-maestras-veracruzanos","status":"publish","type":"post","link":"http:\/\/vocesver.com\/noticias\/reconoce-rocio-nahle-a-los-maestros-y-maestras-veracruzanos\/","title":{"rendered":"RECONOCE ROC\u00cdO NAHLE A LOS MAESTROS Y MAESTRAS VERACRUZANOS"},"content":{"rendered":"\n<p>&gt;Se re\u00fane con Asociaci\u00f3n Pol\u00edtica \u2018Equipo Pol\u00edtico Veracruzano\u2019<br><br>REDACCI\u00d3N\/VOCESVER.COM\/NOTICIAS<br><br><br>Xalapa, Ver., mi\u00e9rcoles 11 de julio de 2024.- Como parte de los encuentros que sostiene con todos los sectores, la gobernadora electa de Veracruz, Roc\u00edo Nahle Garc\u00eda asisti\u00f3 a la Cuarta Asamblea Estatal Extraordinaria de la Asociaci\u00f3n Pol\u00edtica \u2018Equipo Pol\u00edtico Veracruzano\u2019 en el marco de la toma de protesta de su nueva presidenta Alejandra Hern\u00e1ndez L\u00f3pez.<br><br>Al dirigirse a los docentes veracruzanos, Nahle Garc\u00eda, reconoci\u00f3 una vez m\u00e1s la importancia de la funci\u00f3n magisterial en nuestra sociedad y su responsabilidad como agentes de cambio.<br><br>Por supuesto, agradeci\u00f3 el apoyo que dieron de manera un\u00e1nime a su proyecto de estado reflejado el pasado 2 de junio como ciudadanos y en lo sucesivo como constructores de nuevas generaciones.<br><br><br><br><br><br><br><br><br><br><br><br><br><br><br><br><br><br><br><br><br><br><br><br><br><\/p>\n","protected":false},"excerpt":{"rendered":"<p>&gt;Se re\u00fane con Asociaci\u00f3n Pol\u00edtica \u2018Equipo Pol\u00edtico Veracruzano\u2019 REDACCI\u00d3N\/VOCESVER.COM\/NOTICIAS Xalapa, Ver., mi\u00e9rcoles 11 de julio de 2024.- Como parte de<\/p>\n","protected":false},"author":2,"featured_media":43785,"comment_status":"open","ping_status":"open","sticky":false,"template":"","format":"standard","meta":{"colormag_page_container_layout":"default_layout","colormag_page_sidebar_layout":"default_layout","footnotes":""},"categories":[4],"tags":[],"class_list":["post-43777","post","type-post","status-publish","format-standard","has-post-thumbnail","hentry","category-estatal"],"_links":{"self":[{"href":"http:\/\/vocesver.com\/noticias\/wp-json\/wp\/v2\/posts\/43777","targetHints":{"allow":["GET"]}}],"collection":[{"href":"http:\/\/vocesver.com\/noticias\/wp-json\/wp\/v2\/posts"}],"about":[{"href":"http:\/\/vocesver.com\/noticias\/wp-json\/wp\/v2\/types\/post"}],"author":[{"embeddable":true,"href":"http:\/\/vocesver.com\/noticias\/wp-json\/wp\/v2\/users\/2"}],"replies":[{"embeddable":true,"href":"http:\/\/vocesver.com\/noticias\/wp-json\/wp\/v2\/comments?post=43777"}],"version-history":[{"count":4,"href":"http:\/\/vocesver.com\/noticias\/wp-json\/wp\/v2\/posts\/43777\/revisions"}],"predecessor-version":[{"id":43786,"href":"http:\/\/vocesver.com\/noticias\/wp-json\/wp\/v2\/posts\/43777\/revisions\/43786"}],"wp:featuredmedia":[{"embeddable":true,"href":"http:\/\/vocesver.com\/noticias\/wp-json\/wp\/v2\/media\/43785"}],"wp:attachment":[{"href":"http:\/\/vocesver.com\/noticias\/wp-json\/wp\/v2\/media?parent=43777"}],"wp:term":[{"taxonomy":"category","embeddable":true,"href":"http:\/\/vocesver.com\/noticias\/wp-json\/wp\/v2\/categories?post=43777"},{"taxonomy":"post_tag","embeddable":true,"href":"http:\/\/vocesver.com\/noticias\/wp-json\/wp\/v2\/tags?post=43777"}],"curies":[{"name":"wp","href":"https:\/\/api.w.org\/{rel}","templated":true}]}}