{"id":43769,"date":"2024-07-11T21:10:57","date_gmt":"2024-07-11T21:10:57","guid":{"rendered":"http:\/\/vocesver.com\/noticias\/?p=43769"},"modified":"2024-07-11T21:13:52","modified_gmt":"2024-07-11T21:13:52","slug":"transicion-en-orden-y-con-base-a-la-ley-garantiza-rocio-nahle","status":"publish","type":"post","link":"http:\/\/vocesver.com\/noticias\/transicion-en-orden-y-con-base-a-la-ley-garantiza-rocio-nahle\/","title":{"rendered":"TRANSICI\u00d3N EN ORDEN Y CON BASE A LA LEY GARANTIZA ROC\u00cdO NAHLE"},"content":{"rendered":"\n<p>&gt;SSP ser\u00e1 el \u00faltimo nombramiento en concordancia con la federaci\u00f3n.<br>&gt;La SIOP, funcionario de primer nivel.<br><br><br>AUSENCIO RIVERA\/VOCESVER.COM\/NOTICIAS<br><br>Xalapa, Ver., jueves 11 de julio de 2024.- La entrega- recepci\u00f3n se llevar\u00e1 a cabo en completo orden y como marca la ley, asegur\u00f3 la gobernadora electa de Veracruz, Roc\u00edo Nahle Garc\u00eda.<br><br>En entrevista en Avanradio Xalapa, afirm\u00f3 que la primera reuni\u00f3n que se realiz\u00f3 entre el gabinete saliente que encabeza el gobernador Cuitl\u00e1huac Garc\u00eda Jim\u00e9nez y el entrante que estar\u00e1 a su cargo realizada este mi\u00e9rcoles en Casa Veracruz, fue para presentar a los equipos que en breve estar\u00e1n reuni\u00e9ndose para iniciar formalmente el proceso de transici\u00f3n.<br><br>Destac\u00f3 que los nombramientos pendientes, Secretar\u00eda de Seguridad P\u00fablica (SSP) y la Secretar\u00eda de Infraestructura y Obras P\u00fablicas (SIOP) ser\u00e1n de primer nivel.<br><br>En el caso de SSP, tras la reuni\u00f3n sostenida con el pr\u00f3ximo secretario de Seguridad P\u00fablica federal, Omar Garc\u00eda Harfuch, \u00e9ste le inform\u00f3 que se est\u00e1 haciendo un an\u00e1lisis a fondo de lo que se har\u00e1 y lo que tendr\u00e1 continuidad por lo que seguramente el nombramiento ir\u00e1 acorde con los requerimientos de la federaci\u00f3n y del estado.<br><br>\u201cMe coment\u00f3 que est\u00e1n haciendo el an\u00e1lisis, la reingenier\u00eda en caso de ser necesario, entonces son tiempos de preparaci\u00f3n tanto federal como estatal, si va a ser el \u00faltimo nombramiento sin duda el que demos a conocer en esa \u00e1rea tan estrat\u00e9gica\u201d, explic\u00f3.<br><br>Para SIOP pr\u00e1cticamente est\u00e1 decidido, \u00fanicamente se espera el momento correcto para hacer el anuncio.<br><br>\u201cYa lo tengo, estamos esperando tambi\u00e9n ciertas liberaciones, la persona que me va a ayudar en la SIOP, en obras p\u00fablicas, tambi\u00e9n estamos esperando\u201d, se\u00f1al\u00f3.<br><br>Por otra parte, reiter\u00f3 que las tres personas ratificadas han hecho un excelente trabajo en Sefiplan, Jos\u00e9 Luis Lima Franco; Guadalupe Osorno, Protecci\u00f3n Civil y Daniela Osorno, IPE \u201centonces para que mover si las cosas est\u00e1n bien, es darle continuidad\u201d, subray\u00f3.<br><br><br><br><br><br><br><br><br><br><br><br><br><br><br><br><br><br><br><br><br><br><br><br><\/p>\n","protected":false},"excerpt":{"rendered":"<p>&gt;SSP ser\u00e1 el \u00faltimo nombramiento en concordancia con la federaci\u00f3n.&gt;La SIOP, funcionario de primer nivel. AUSENCIO RIVERA\/VOCESVER.COM\/NOTICIAS Xalapa, Ver., jueves<\/p>\n","protected":false},"author":2,"featured_media":43779,"comment_status":"open","ping_status":"open","sticky":false,"template":"","format":"standard","meta":{"colormag_page_container_layout":"default_layout","colormag_page_sidebar_layout":"default_layout","footnotes":""},"categories":[4],"tags":[],"class_list":["post-43769","post","type-post","status-publish","format-standard","has-post-thumbnail","hentry","category-estatal"],"_links":{"self":[{"href":"http:\/\/vocesver.com\/noticias\/wp-json\/wp\/v2\/posts\/43769","targetHints":{"allow":["GET"]}}],"collection":[{"href":"http:\/\/vocesver.com\/noticias\/wp-json\/wp\/v2\/posts"}],"about":[{"href":"http:\/\/vocesver.com\/noticias\/wp-json\/wp\/v2\/types\/post"}],"author":[{"embeddable":true,"href":"http:\/\/vocesver.com\/noticias\/wp-json\/wp\/v2\/users\/2"}],"replies":[{"embeddable":true,"href":"http:\/\/vocesver.com\/noticias\/wp-json\/wp\/v2\/comments?post=43769"}],"version-history":[{"count":3,"href":"http:\/\/vocesver.com\/noticias\/wp-json\/wp\/v2\/posts\/43769\/revisions"}],"predecessor-version":[{"id":43780,"href":"http:\/\/vocesver.com\/noticias\/wp-json\/wp\/v2\/posts\/43769\/revisions\/43780"}],"wp:featuredmedia":[{"embeddable":true,"href":"http:\/\/vocesver.com\/noticias\/wp-json\/wp\/v2\/media\/43779"}],"wp:attachment":[{"href":"http:\/\/vocesver.com\/noticias\/wp-json\/wp\/v2\/media?parent=43769"}],"wp:term":[{"taxonomy":"category","embeddable":true,"href":"http:\/\/vocesver.com\/noticias\/wp-json\/wp\/v2\/categories?post=43769"},{"taxonomy":"post_tag","embeddable":true,"href":"http:\/\/vocesver.com\/noticias\/wp-json\/wp\/v2\/tags?post=43769"}],"curies":[{"name":"wp","href":"https:\/\/api.w.org\/{rel}","templated":true}]}}