{"id":43761,"date":"2024-07-10T22:28:49","date_gmt":"2024-07-10T22:28:49","guid":{"rendered":"http:\/\/vocesver.com\/noticias\/?p=43761"},"modified":"2024-07-10T22:30:25","modified_gmt":"2024-07-10T22:30:25","slug":"el-dip-local-electo-pepin-ruiz-visito-el-gran-cafe-del-portal-de-veraruz","status":"publish","type":"post","link":"http:\/\/vocesver.com\/noticias\/el-dip-local-electo-pepin-ruiz-visito-el-gran-cafe-del-portal-de-veraruz\/","title":{"rendered":"El Dip. local electo Pep\u00edn Ruiz visit\u00f3 el Gran Caf\u00e9 del Portal de Veraruz."},"content":{"rendered":"\n<p>AUSENCIO RIVERA\/VOCESVER.COM\/NOTICIAS<br><br>Veracruz,Ver.- a 10 de Julio 2024.- La tarde de ayer el Diputado Local Electo de MORENA del Distrito 15 Jos\u00e9 Riardo Ruiz Carmona visit\u00f3 el Gran Caf\u00e9 del Portal de la Ciudad de Veraruz. Ahi fue saludado por el tambi\u00e9n activista de Morena y directivo del Comit\u00e9 Ciudadanos Fuerza de la Raz\u00f3n C: P Jos\u00e9 Reyes Cruz. <br><br>El legislador tambi\u00e9n aprovecho la visita para tomarse fotos con los meseros del lugar quien lo felicitar\u00f3n por haber ganado dico puesto de elecci\u00f3n popular,  <br><br><br><br><br><br><br><br><br><br><br><br><br><br><br><br><br><br><br><\/p>\n","protected":false},"excerpt":{"rendered":"<p>AUSENCIO RIVERA\/VOCESVER.COM\/NOTICIAS Veracruz,Ver.- a 10 de Julio 2024.- La tarde de ayer el Diputado Local Electo de MORENA del Distrito<\/p>\n","protected":false},"author":2,"featured_media":43767,"comment_status":"open","ping_status":"open","sticky":false,"template":"","format":"standard","meta":{"colormag_page_container_layout":"default_layout","colormag_page_sidebar_layout":"default_layout","footnotes":""},"categories":[2],"tags":[],"class_list":["post-43761","post","type-post","status-publish","format-standard","has-post-thumbnail","hentry","category-infogral"],"_links":{"self":[{"href":"http:\/\/vocesver.com\/noticias\/wp-json\/wp\/v2\/posts\/43761","targetHints":{"allow":["GET"]}}],"collection":[{"href":"http:\/\/vocesver.com\/noticias\/wp-json\/wp\/v2\/posts"}],"about":[{"href":"http:\/\/vocesver.com\/noticias\/wp-json\/wp\/v2\/types\/post"}],"author":[{"embeddable":true,"href":"http:\/\/vocesver.com\/noticias\/wp-json\/wp\/v2\/users\/2"}],"replies":[{"embeddable":true,"href":"http:\/\/vocesver.com\/noticias\/wp-json\/wp\/v2\/comments?post=43761"}],"version-history":[{"count":2,"href":"http:\/\/vocesver.com\/noticias\/wp-json\/wp\/v2\/posts\/43761\/revisions"}],"predecessor-version":[{"id":43766,"href":"http:\/\/vocesver.com\/noticias\/wp-json\/wp\/v2\/posts\/43761\/revisions\/43766"}],"wp:featuredmedia":[{"embeddable":true,"href":"http:\/\/vocesver.com\/noticias\/wp-json\/wp\/v2\/media\/43767"}],"wp:attachment":[{"href":"http:\/\/vocesver.com\/noticias\/wp-json\/wp\/v2\/media?parent=43761"}],"wp:term":[{"taxonomy":"category","embeddable":true,"href":"http:\/\/vocesver.com\/noticias\/wp-json\/wp\/v2\/categories?post=43761"},{"taxonomy":"post_tag","embeddable":true,"href":"http:\/\/vocesver.com\/noticias\/wp-json\/wp\/v2\/tags?post=43761"}],"curies":[{"name":"wp","href":"https:\/\/api.w.org\/{rel}","templated":true}]}}