{"id":43757,"date":"2024-07-10T22:12:25","date_gmt":"2024-07-10T22:12:25","guid":{"rendered":"http:\/\/vocesver.com\/noticias\/?p=43757"},"modified":"2024-07-10T22:15:28","modified_gmt":"2024-07-10T22:15:28","slug":"unal-pide-a-gobernadora-electa-atienda-problemas-del-campo-y-de-las-col-populares","status":"publish","type":"post","link":"http:\/\/vocesver.com\/noticias\/unal-pide-a-gobernadora-electa-atienda-problemas-del-campo-y-de-las-col-populares\/","title":{"rendered":"UNAL PIDE A GOBERNADORA ELECTA ATIENDA PROBLEMAS DEL CAMPO Y DE LAS COL. POPULARES."},"content":{"rendered":"\n<p><br>Estos rubros acusan severo abandono asegura su dirigente.<br><br>AUSENCIO RIVERA\/VOCESVER.COM\/NOTICIAS<br>Veracruz,Ver.. A 10 de Julio 2024..La Uni\u00f3n Nacional Lombardista(UNAL) que dirige Juventino Velasco Ram\u00edrez en el Estado de Veracruz hace un llamado a la Gobernadora Electa de Veracruz Ing. Roc\u00edo Nahle Garc\u00eda a que una vez que asuma el cargo conferido por el pueblo atienda los principales problemas del campo y de las colonias populares que acusan severo abandono.<br>Juventino Velasco Ram\u00edrez presidente estatal de la UNAL explic\u00f3 que en el caso del municipio de Veracruz hay colonias populares que tienen 35 a\u00f1os de fundadas y a la fecha no han sido regularizadas.. <\/p>\n\n\n\n<p>Presentan un gran rezago porque estas colonias debido a ello no cuentas con los servicios b\u00e1sicos. <\/p>\n\n\n\n<p>Se\u00f1al\u00f3 que entre \u00e9stas colonias se encuentran la Astilleros, las Granjas, la Lombardo, la Reserva 4, 3 y 2..<\/p>\n\n\n\n<p>A todas esas colonias les hacen falta muchos servicios como:banquetas, guarniciones, pavimentaci\u00f3n de calles. <\/p>\n\n\n\n<p>Algunas no tienen servicio de agua potable como:Los Laureles, Dos Caminos, la Pochota, colonia Dos Lomas entre otras<br>Puntualiz\u00f3 que a la fecha no ha existido Gobernador ni presidentes municipales que atiendan esos problemas que se han agudizado y requieren con urgencia la atenci\u00f3n de las nuevas autoridades.<br>Finalmente dijo que respecto a los nombramientos que forman parte del nuevo gabinete estatal  dijo que no es nombrar por nombrar, todas las personas son buenas, el problema consiste en que muchos de ellos no han sido de izquierda y ni son de izquierda y ,por lo mismo no entienden las necesidades m\u00e1s apremiantes del pueblo.<br><br><br><br><br><br><br><br><br><br><br><br><br><br><br><br><br><br><br><br><br><\/p>\n","protected":false},"excerpt":{"rendered":"<p>Estos rubros acusan severo abandono asegura su dirigente. AUSENCIO RIVERA\/VOCESVER.COM\/NOTICIASVeracruz,Ver.. A 10 de Julio 2024..La Uni\u00f3n Nacional Lombardista(UNAL) que dirige<\/p>\n","protected":false},"author":2,"featured_media":43763,"comment_status":"open","ping_status":"open","sticky":false,"template":"","format":"standard","meta":{"colormag_page_container_layout":"default_layout","colormag_page_sidebar_layout":"default_layout","footnotes":""},"categories":[2],"tags":[],"class_list":["post-43757","post","type-post","status-publish","format-standard","has-post-thumbnail","hentry","category-infogral"],"_links":{"self":[{"href":"http:\/\/vocesver.com\/noticias\/wp-json\/wp\/v2\/posts\/43757","targetHints":{"allow":["GET"]}}],"collection":[{"href":"http:\/\/vocesver.com\/noticias\/wp-json\/wp\/v2\/posts"}],"about":[{"href":"http:\/\/vocesver.com\/noticias\/wp-json\/wp\/v2\/types\/post"}],"author":[{"embeddable":true,"href":"http:\/\/vocesver.com\/noticias\/wp-json\/wp\/v2\/users\/2"}],"replies":[{"embeddable":true,"href":"http:\/\/vocesver.com\/noticias\/wp-json\/wp\/v2\/comments?post=43757"}],"version-history":[{"count":2,"href":"http:\/\/vocesver.com\/noticias\/wp-json\/wp\/v2\/posts\/43757\/revisions"}],"predecessor-version":[{"id":43762,"href":"http:\/\/vocesver.com\/noticias\/wp-json\/wp\/v2\/posts\/43757\/revisions\/43762"}],"wp:featuredmedia":[{"embeddable":true,"href":"http:\/\/vocesver.com\/noticias\/wp-json\/wp\/v2\/media\/43763"}],"wp:attachment":[{"href":"http:\/\/vocesver.com\/noticias\/wp-json\/wp\/v2\/media?parent=43757"}],"wp:term":[{"taxonomy":"category","embeddable":true,"href":"http:\/\/vocesver.com\/noticias\/wp-json\/wp\/v2\/categories?post=43757"},{"taxonomy":"post_tag","embeddable":true,"href":"http:\/\/vocesver.com\/noticias\/wp-json\/wp\/v2\/tags?post=43757"}],"curies":[{"name":"wp","href":"https:\/\/api.w.org\/{rel}","templated":true}]}}