{"id":43753,"date":"2024-07-10T21:55:18","date_gmt":"2024-07-10T21:55:18","guid":{"rendered":"http:\/\/vocesver.com\/noticias\/?p=43753"},"modified":"2024-07-10T21:58:19","modified_gmt":"2024-07-10T21:58:19","slug":"daniela-griego-continuara-al-frente-del-ipe-anuncia-rocio-nahle","status":"publish","type":"post","link":"http:\/\/vocesver.com\/noticias\/daniela-griego-continuara-al-frente-del-ipe-anuncia-rocio-nahle\/","title":{"rendered":"DANIELA GRIEGO CONTINUAR\u00c1 AL FRENTE DEL IPE ANUNCIA ROC\u00cdO NAHLE"},"content":{"rendered":"\n<p>AUSENCIO RIVERA\/VOCESVER.COM\/NOTICIAS<br><br>Xalapa, Ver., mi\u00e9rcoles 10 de julio de 2024.- Daniela Griego Ceballos, continuar\u00e1 como directora del Instituto de Pensiones del Estado (IPE), anunci\u00f3 la gobernadora electa de Veracruz, Roc\u00edo Nahle Garc\u00eda.<br><br>Exdiputada local y exconsejera electoral ante el OPLE y el INE, Daniela Griego reestructur\u00f3 al IPE as\u00ed como activos importantes que permiten generar recursos y capitalizar el instituto a favor de los jubilados, pensionados y trabajadores en funciones entre ellos hoteles, cines y la estancia Garnica.<br><br>Egresada de la Licenciatura en Sociolog\u00eda por la Universidad Veracruzana (UV), Griego Ceballos particip\u00f3 en esta primera administraci\u00f3n de izquierda en el estado de Veracruz registrando grandes logros.<br><br>Hoy, gracias a esta puntual gesti\u00f3n, el IPE reporta una administraci\u00f3n moderna, fuerte y sustentable que tendr\u00e1 continuidad en el gobierno de Roc\u00edo Nahle Garc\u00eda.<br><br><br><br><br><br><br><br><br><br><br><br><br><br><br><br><br><br><br><br><br><br><br><br><\/p>\n","protected":false},"excerpt":{"rendered":"<p>AUSENCIO RIVERA\/VOCESVER.COM\/NOTICIAS Xalapa, Ver., mi\u00e9rcoles 10 de julio de 2024.- Daniela Griego Ceballos, continuar\u00e1 como directora del Instituto de Pensiones<\/p>\n","protected":false},"author":2,"featured_media":43759,"comment_status":"open","ping_status":"open","sticky":false,"template":"","format":"standard","meta":{"colormag_page_container_layout":"default_layout","colormag_page_sidebar_layout":"default_layout","footnotes":""},"categories":[4],"tags":[],"class_list":["post-43753","post","type-post","status-publish","format-standard","has-post-thumbnail","hentry","category-estatal"],"_links":{"self":[{"href":"http:\/\/vocesver.com\/noticias\/wp-json\/wp\/v2\/posts\/43753","targetHints":{"allow":["GET"]}}],"collection":[{"href":"http:\/\/vocesver.com\/noticias\/wp-json\/wp\/v2\/posts"}],"about":[{"href":"http:\/\/vocesver.com\/noticias\/wp-json\/wp\/v2\/types\/post"}],"author":[{"embeddable":true,"href":"http:\/\/vocesver.com\/noticias\/wp-json\/wp\/v2\/users\/2"}],"replies":[{"embeddable":true,"href":"http:\/\/vocesver.com\/noticias\/wp-json\/wp\/v2\/comments?post=43753"}],"version-history":[{"count":2,"href":"http:\/\/vocesver.com\/noticias\/wp-json\/wp\/v2\/posts\/43753\/revisions"}],"predecessor-version":[{"id":43758,"href":"http:\/\/vocesver.com\/noticias\/wp-json\/wp\/v2\/posts\/43753\/revisions\/43758"}],"wp:featuredmedia":[{"embeddable":true,"href":"http:\/\/vocesver.com\/noticias\/wp-json\/wp\/v2\/media\/43759"}],"wp:attachment":[{"href":"http:\/\/vocesver.com\/noticias\/wp-json\/wp\/v2\/media?parent=43753"}],"wp:term":[{"taxonomy":"category","embeddable":true,"href":"http:\/\/vocesver.com\/noticias\/wp-json\/wp\/v2\/categories?post=43753"},{"taxonomy":"post_tag","embeddable":true,"href":"http:\/\/vocesver.com\/noticias\/wp-json\/wp\/v2\/tags?post=43753"}],"curies":[{"name":"wp","href":"https:\/\/api.w.org\/{rel}","templated":true}]}}