{"id":43733,"date":"2024-07-08T23:37:49","date_gmt":"2024-07-08T23:37:49","guid":{"rendered":"http:\/\/vocesver.com\/noticias\/?p=43733"},"modified":"2024-07-08T23:47:13","modified_gmt":"2024-07-08T23:47:13","slug":"regiduria-12-firma-interesante-convenio-con-unimexmartinez-echeverria","status":"publish","type":"post","link":"http:\/\/vocesver.com\/noticias\/regiduria-12-firma-interesante-convenio-con-unimexmartinez-echeverria\/","title":{"rendered":"REGIDUR\u00cdA 12 FIRMA INTERESANTE CONVENIO CON INEMEX:MART\u00cdNEZ ECHEVERR\u00cdA"},"content":{"rendered":"\n<p>AUSENCIO RIVERA\/VOCESVER.COM\/NOTICIAS<br><br>Veracruz,Ver,. a 7 de Julio 2024.-Con la finalidad de apoyar  a todos aquellos estudiantes que  no pudieron ingresas a la Universidad Veracruzana y al Instituto Tecnol\u00f3gico de Veracruz, la  Regidur\u00eda 12 del Ayuntamiento de Veraruz a cargo de la licenciada Lisettte Mart\u00ednez Echeverr\u00eda  firm\u00f3 este lunes un conveni\u00f3 con el Instituto Universitario Empresarial de M\u00e9xico(Inemex) donde se otorgar\u00e1n descuentos a alumnos que deseen seguir estudiando,<br>La edil explic\u00f3 nosotros firmamos un convenio de descuento de beca para Bachillerato y para diferentes carreras universitarias.<br>Puntualiz\u00f3 que en Bachillerato \u00abnos otorgar\u00f3n un descuento del 25 % en sus mensualidades, lo que le permitir\u00e1 al beneficiario concluir sus estudios en a\u00f1o y medio. La INEMEX se ubica en G\u00f3mez Far\u00edas, esquina V\u00edctimas del Centro de la Ciudad y tienen otra sucursal que se ubica en la colonia Carranza del municipio de Boca del R\u00edo,<br>Por otro lado dijo que para las carreras universitarias como :Contadur\u00eda, Derecho, Comercio Exterior, Gesti\u00f3n y Direcci\u00f3n de Ventas les conseguimos a trav\u00e9s de esta regidur\u00eda un descuento del 40 por ciento en las mensualidades donde en tan solo 2 a\u00f1os y medio terminas una carrera universitaria con ellos<br>La verdad yo me siento muy emocionada porque estamos iniciando la semana con toda la energ\u00eda y con la voluntad de querer hacer la diferencia apoyando de esta manera la <br>econom\u00eda de las familias veracruzanas de todos estos estudiantes e impulsando el progreso de nuestro municipio enfatiz\u00f3.<br>Por otra parte dijo que con el respaldo y apoyo de esta regidur\u00eda se imparti\u00f3 un curso gratuito de preparaci\u00f3n para  que  m\u00e1s de 270 estudiantes pudieran  ingresar a las diferentes universidades del municipio y en donde m\u00e1s del 60 por ciento lo logr\u00f3 con este apoyo. <br>Finalmente dijo que debido a que la educaci\u00f3n de la juventud es fundamental para el progreso del pa\u00eds,se seguir\u00e1n firmando m\u00e1s convenios para seguir proporcionando este apoyo en beneficio de las familias veraruzanas.<br><br><br><br><br><br><br><br><br><br><br><br><br><br><br><br><br><\/p>\n","protected":false},"excerpt":{"rendered":"<p>AUSENCIO RIVERA\/VOCESVER.COM\/NOTICIAS Veracruz,Ver,. a 7 de Julio 2024.-Con la finalidad de apoyar a todos aquellos estudiantes que no pudieron ingresas<\/p>\n","protected":false},"author":2,"featured_media":43742,"comment_status":"open","ping_status":"open","sticky":false,"template":"","format":"standard","meta":{"colormag_page_container_layout":"default_layout","colormag_page_sidebar_layout":"default_layout","footnotes":""},"categories":[2],"tags":[],"class_list":["post-43733","post","type-post","status-publish","format-standard","has-post-thumbnail","hentry","category-infogral"],"_links":{"self":[{"href":"http:\/\/vocesver.com\/noticias\/wp-json\/wp\/v2\/posts\/43733","targetHints":{"allow":["GET"]}}],"collection":[{"href":"http:\/\/vocesver.com\/noticias\/wp-json\/wp\/v2\/posts"}],"about":[{"href":"http:\/\/vocesver.com\/noticias\/wp-json\/wp\/v2\/types\/post"}],"author":[{"embeddable":true,"href":"http:\/\/vocesver.com\/noticias\/wp-json\/wp\/v2\/users\/2"}],"replies":[{"embeddable":true,"href":"http:\/\/vocesver.com\/noticias\/wp-json\/wp\/v2\/comments?post=43733"}],"version-history":[{"count":5,"href":"http:\/\/vocesver.com\/noticias\/wp-json\/wp\/v2\/posts\/43733\/revisions"}],"predecessor-version":[{"id":43746,"href":"http:\/\/vocesver.com\/noticias\/wp-json\/wp\/v2\/posts\/43733\/revisions\/43746"}],"wp:featuredmedia":[{"embeddable":true,"href":"http:\/\/vocesver.com\/noticias\/wp-json\/wp\/v2\/media\/43742"}],"wp:attachment":[{"href":"http:\/\/vocesver.com\/noticias\/wp-json\/wp\/v2\/media?parent=43733"}],"wp:term":[{"taxonomy":"category","embeddable":true,"href":"http:\/\/vocesver.com\/noticias\/wp-json\/wp\/v2\/categories?post=43733"},{"taxonomy":"post_tag","embeddable":true,"href":"http:\/\/vocesver.com\/noticias\/wp-json\/wp\/v2\/tags?post=43733"}],"curies":[{"name":"wp","href":"https:\/\/api.w.org\/{rel}","templated":true}]}}