{"id":43719,"date":"2024-07-08T22:35:12","date_gmt":"2024-07-08T22:35:12","guid":{"rendered":"http:\/\/vocesver.com\/noticias\/?p=43719"},"modified":"2024-07-08T22:44:03","modified_gmt":"2024-07-08T22:44:03","slug":"que-se-introducan-metrobuses-en-puerto-de-veracruzvelasco-ramirez","status":"publish","type":"post","link":"http:\/\/vocesver.com\/noticias\/que-se-introducan-metrobuses-en-puerto-de-veracruzvelasco-ramirez\/","title":{"rendered":"QUE SE INTRODUZCAN METROBUSES EN PUERTO DE VERACRUZ:VELASCO RAM\u00cdREZ"},"content":{"rendered":"\n<p><\/p>\n\n\n\n<p>Veracruz ya requiere de un transporte p\u00fablico de primera.<\/p>\n\n\n\n<p><\/p>\n\n\n\n<p><\/p>\n\n\n\n<p>AUSENCIO RIVERA\/VOCESVER.COM\/NOTICIAS<br><br>Veracruz,Ver,. a 7 de Julio 2024,. El ex regidor de vialidad y presidente estatal de la Uni\u00f3n Nacional Lombardista(UNAL) Juventino Velasco Ram\u00edrez se pronunci\u00f3 porque el Puerto de Veracruz cuente con un servicio del transporte p\u00fablico de primera.<br>Reconoci\u00f3 que el transporte se debe mejorar porque Veracruz es un puerto cien por ciento tur\u00edstico y actualmente el servicio del transporte p\u00fablico deja mucho que desear.<br>No es justo que anden circulando una gran n\u00famero de unidades \u00abchatarra\u00bb que definitivamente dan un mal aspecto a los visitantes.<br> Adem\u00e1s de que se encuentran en mal estado estos ya est\u00e1n muy viejos y deteriorados subrray\u00f3.<br>El ex edil porte\u00f1o se\u00f1al\u00f3 que debido a que el puerto jarocho es muy visitado por los turistas de fin de semana y temporadas altas el Gobierno de la 4T deber\u00eda introducir metrobuses como actualmente sucede en la Ciudad de M\u00e9xico.<br>Ese tipo de servicio est\u00e1n dando un buen servicio a los ciudadanos y la Ciudad es otra anot\u00f3,<br><br><br><br><br><br><br><br><br><br><br><br><br><br><br><br><br><br><br><br><br><\/p>\n","protected":false},"excerpt":{"rendered":"<p>Veracruz ya requiere de un transporte p\u00fablico de primera. AUSENCIO RIVERA\/VOCESVER.COM\/NOTICIAS Veracruz,Ver,. a 7 de Julio 2024,. El ex regidor<\/p>\n","protected":false},"author":2,"featured_media":43729,"comment_status":"open","ping_status":"open","sticky":false,"template":"","format":"standard","meta":{"colormag_page_container_layout":"default_layout","colormag_page_sidebar_layout":"default_layout","footnotes":""},"categories":[2],"tags":[],"class_list":["post-43719","post","type-post","status-publish","format-standard","has-post-thumbnail","hentry","category-infogral"],"_links":{"self":[{"href":"http:\/\/vocesver.com\/noticias\/wp-json\/wp\/v2\/posts\/43719","targetHints":{"allow":["GET"]}}],"collection":[{"href":"http:\/\/vocesver.com\/noticias\/wp-json\/wp\/v2\/posts"}],"about":[{"href":"http:\/\/vocesver.com\/noticias\/wp-json\/wp\/v2\/types\/post"}],"author":[{"embeddable":true,"href":"http:\/\/vocesver.com\/noticias\/wp-json\/wp\/v2\/users\/2"}],"replies":[{"embeddable":true,"href":"http:\/\/vocesver.com\/noticias\/wp-json\/wp\/v2\/comments?post=43719"}],"version-history":[{"count":4,"href":"http:\/\/vocesver.com\/noticias\/wp-json\/wp\/v2\/posts\/43719\/revisions"}],"predecessor-version":[{"id":43731,"href":"http:\/\/vocesver.com\/noticias\/wp-json\/wp\/v2\/posts\/43719\/revisions\/43731"}],"wp:featuredmedia":[{"embeddable":true,"href":"http:\/\/vocesver.com\/noticias\/wp-json\/wp\/v2\/media\/43729"}],"wp:attachment":[{"href":"http:\/\/vocesver.com\/noticias\/wp-json\/wp\/v2\/media?parent=43719"}],"wp:term":[{"taxonomy":"category","embeddable":true,"href":"http:\/\/vocesver.com\/noticias\/wp-json\/wp\/v2\/categories?post=43719"},{"taxonomy":"post_tag","embeddable":true,"href":"http:\/\/vocesver.com\/noticias\/wp-json\/wp\/v2\/tags?post=43719"}],"curies":[{"name":"wp","href":"https:\/\/api.w.org\/{rel}","templated":true}]}}