{"id":43714,"date":"2024-07-08T22:02:25","date_gmt":"2024-07-08T22:02:25","guid":{"rendered":"http:\/\/vocesver.com\/noticias\/?p=43714"},"modified":"2024-07-08T22:16:22","modified_gmt":"2024-07-08T22:16:22","slug":"necesaria-la-intervencion-de-amlo-en-modulo-del-bienestar-de-urano-predomina-la-negligencia-del-personalafectadas","status":"publish","type":"post","link":"http:\/\/vocesver.com\/noticias\/necesaria-la-intervencion-de-amlo-en-modulo-del-bienestar-de-urano-predomina-la-negligencia-del-personalafectadas\/","title":{"rendered":"NECESARIA LA INTERVENCI\u00d3N DE AMLO, EN M\u00d3DULO DEL BIENESTAR DE URANO PREDOMINA LA NEGLIGENCIA DEL PERSONAL:AFECTADAS"},"content":{"rendered":"\n<p><br>ALEJANDRO MURRIETA\/VOCESVER.COM\/NOTICIAS<br><br>Veracruz,Ver,. a 7 de Julio 2024.- Debido a que existe negligencia en el personal de Morena a cargo del m\u00f3dulo del Bienestar de Urano del Municipio de Boca del R\u00edo, mujeres adultas que ya presentar\u00f3n su documentaci\u00f3n en regla para ser beneficiarias del programa del bienestar demandan la intervenci\u00f3n del presidente de la Rep\u00fablica Andr\u00e9s Manuel L\u00f3pez Obrador porque se niegan a inscribirlas al padr\u00f3n.<br>Las personas afectadas se encuentran muy indignadas porque este personal solo las tra\u00eddo a las vueltas con el argumento de que \u00abya merito\u00bb les llega su tarjeta para que puedan cobrar,<br>Lamentablemente eso ha quedado en simples promesas, porque hasta d\u00eda de hoy este mismo personal les manifest\u00f3  a muchas de ellas que tienen que presentar de nueva cuenta su documentaci\u00f3n para poder inscribirlas.<br>Las quejosas recordar\u00f3n que la mayor\u00eda de ellas presentar\u00f3n su documentaci\u00f3n en regla desde el mes de enero de este a\u00f1o, sin embargo algunas de ellas ya est\u00e1n recibiendo el beneficio, mientras que una gran mayor\u00eda como las que  ahora se quejan ni siquiera el personal que ahi se encuentra ha capturado sus datos para que puedan recibir el beneficio.En pocas palabras los encargados del m\u00f3dulo  del Bienestar de Urano del Partido Morena le est\u00e1n fallando al presidente de la Rep\u00fablica.<\/p>\n\n\n\n<p> Asimismo las mujeres afectadas tambi\u00e9n hacen del conocimiento de esta problem\u00e1tica  a la virtual presidenta de M\u00e9xico Claudia Sheimbaum Pardo para que tambi\u00e9n tome cartas en el asunto ya que este tipo de personal ponen en mal al Gobierno de la 4T y de ser necesario haga una limpia de estos malos elementos.<\/p>\n\n\n\n<p>No se vale que por negligencia de esas personas se traiga a las mujeres a las vueltas y d\u00e1ndoles falsas promesas.<\/p>\n\n\n\n<p>Esto constituye un duro golpe a las f\u00e9minas del Puerto de Veracruz ya que es injusto se les trate de esa manera por este personal nefasto se\u00f1alar\u00f3n.<br><br><br><br><br><br><br><br><br><br><br><br><br><br><br><br><br><br><br><br><br><br><br><br><br><\/p>\n","protected":false},"excerpt":{"rendered":"<p>ALEJANDRO MURRIETA\/VOCESVER.COM\/NOTICIAS Veracruz,Ver,. a 7 de Julio 2024.- Debido a que existe negligencia en el personal de Morena a cargo<\/p>\n","protected":false},"author":2,"featured_media":43721,"comment_status":"open","ping_status":"open","sticky":false,"template":"","format":"standard","meta":{"colormag_page_container_layout":"default_layout","colormag_page_sidebar_layout":"default_layout","footnotes":""},"categories":[2],"tags":[],"class_list":["post-43714","post","type-post","status-publish","format-standard","has-post-thumbnail","hentry","category-infogral"],"_links":{"self":[{"href":"http:\/\/vocesver.com\/noticias\/wp-json\/wp\/v2\/posts\/43714","targetHints":{"allow":["GET"]}}],"collection":[{"href":"http:\/\/vocesver.com\/noticias\/wp-json\/wp\/v2\/posts"}],"about":[{"href":"http:\/\/vocesver.com\/noticias\/wp-json\/wp\/v2\/types\/post"}],"author":[{"embeddable":true,"href":"http:\/\/vocesver.com\/noticias\/wp-json\/wp\/v2\/users\/2"}],"replies":[{"embeddable":true,"href":"http:\/\/vocesver.com\/noticias\/wp-json\/wp\/v2\/comments?post=43714"}],"version-history":[{"count":3,"href":"http:\/\/vocesver.com\/noticias\/wp-json\/wp\/v2\/posts\/43714\/revisions"}],"predecessor-version":[{"id":43723,"href":"http:\/\/vocesver.com\/noticias\/wp-json\/wp\/v2\/posts\/43714\/revisions\/43723"}],"wp:featuredmedia":[{"embeddable":true,"href":"http:\/\/vocesver.com\/noticias\/wp-json\/wp\/v2\/media\/43721"}],"wp:attachment":[{"href":"http:\/\/vocesver.com\/noticias\/wp-json\/wp\/v2\/media?parent=43714"}],"wp:term":[{"taxonomy":"category","embeddable":true,"href":"http:\/\/vocesver.com\/noticias\/wp-json\/wp\/v2\/categories?post=43714"},{"taxonomy":"post_tag","embeddable":true,"href":"http:\/\/vocesver.com\/noticias\/wp-json\/wp\/v2\/tags?post=43714"}],"curies":[{"name":"wp","href":"https:\/\/api.w.org\/{rel}","templated":true}]}}