{"id":43693,"date":"2024-07-05T22:47:09","date_gmt":"2024-07-05T22:47:09","guid":{"rendered":"http:\/\/vocesver.com\/noticias\/?p=43693"},"modified":"2024-07-05T22:56:02","modified_gmt":"2024-07-05T22:56:02","slug":"urgen-programas-sociales-de-vivienda-en-veraruztamariz-pimentel","status":"publish","type":"post","link":"http:\/\/vocesver.com\/noticias\/urgen-programas-sociales-de-vivienda-en-veraruztamariz-pimentel\/","title":{"rendered":"URGEN PROGRAMAS SOCIALES DE VIVIENDA EN VERARUZ:TAMARIZ PIMENTEL."},"content":{"rendered":"\n<p>La agrupaci\u00f3n pol\u00edtica social Sentimientos de la Nacion apela a todas las autoridades a que atiendan esa problem\u00e1tica.<br><br>AUSENCIO RIVERA\/VOCESVER.COM\/NOTICIAS<br>Veracruz;Ver,. a 5 de Julio 2024.- Debido a que hacen falta programas sociales de vivienda para todas las familias de escasos recursos, la agrupaci\u00f3n pol\u00edtica social Sentimientos de la Naci\u00f3n que encabeza el licenciado Evirilio Tamariz Pimentel apela a  todos los legisladores, presidentes municipales ,gobernadores y Presidencia de la Rep\u00fablica en funciones y electos a que atienda esa problem\u00e1tica social.<br><br>El presidente estatal de esta agrupaci\u00f3n destac\u00f3 que en  los temas de Salud, Educaci\u00f3n, Trabajo,resulta no menos importante el de Vivienda en especial para las familias de escasos recursos que no tienen axceso a INFONAVIT, FOVISTE y ning\u00fan tipo de financiamiento para vivienda construida con servicios .  <br>Esta gran mayor\u00eda de la poblaci\u00f3n no asalariada sin seguridad social, requiere de atenci\u00f3n especial por parte de los tres niveles de gobierno  a trav\u00e9s de institutos como IMUVI , INVIVIENDA , PATRIMONI DEL ESTADO , INSUS A NIVEL FEDERAL a fin de que atiendan este reclamo social  sin abusos en los precios y costos de regularizaci\u00f3n debiendo aplicarse programas sociales como se aplican en otros ramos.<br>Y en su caso aplicar el inter\u00e9s social y no  actuar como simples inmobiliarias m\u00e1s interesadas en obtener grandes ganancias econ\u00f3micas que beneficio a las familias de escasos recursos .<br>El entrevistado puntualiz\u00f3 por ello apelamos a los legisladores ,presidentes municipales, Gobernadores y presidencia de la Rep\u00fablica,  en funciones y electos a que atiendan esta problem\u00e1tica  que aqueja a gran parte del pueblo de M\u00e9xico.<br><br><br><br><br><br><br><br><br><br><br><br><br><br><br><br><br><br><br><br><br><br><br><\/p>\n","protected":false},"excerpt":{"rendered":"<p>La agrupaci\u00f3n pol\u00edtica social Sentimientos de la Nacion apela a todas las autoridades a que atiendan esa problem\u00e1tica. AUSENCIO RIVERA\/VOCESVER.COM\/NOTICIASVeracruz;Ver,.<\/p>\n","protected":false},"author":2,"featured_media":43701,"comment_status":"open","ping_status":"open","sticky":false,"template":"","format":"standard","meta":{"colormag_page_container_layout":"default_layout","colormag_page_sidebar_layout":"default_layout","footnotes":""},"categories":[2],"tags":[],"class_list":["post-43693","post","type-post","status-publish","format-standard","has-post-thumbnail","hentry","category-infogral"],"_links":{"self":[{"href":"http:\/\/vocesver.com\/noticias\/wp-json\/wp\/v2\/posts\/43693","targetHints":{"allow":["GET"]}}],"collection":[{"href":"http:\/\/vocesver.com\/noticias\/wp-json\/wp\/v2\/posts"}],"about":[{"href":"http:\/\/vocesver.com\/noticias\/wp-json\/wp\/v2\/types\/post"}],"author":[{"embeddable":true,"href":"http:\/\/vocesver.com\/noticias\/wp-json\/wp\/v2\/users\/2"}],"replies":[{"embeddable":true,"href":"http:\/\/vocesver.com\/noticias\/wp-json\/wp\/v2\/comments?post=43693"}],"version-history":[{"count":2,"href":"http:\/\/vocesver.com\/noticias\/wp-json\/wp\/v2\/posts\/43693\/revisions"}],"predecessor-version":[{"id":43700,"href":"http:\/\/vocesver.com\/noticias\/wp-json\/wp\/v2\/posts\/43693\/revisions\/43700"}],"wp:featuredmedia":[{"embeddable":true,"href":"http:\/\/vocesver.com\/noticias\/wp-json\/wp\/v2\/media\/43701"}],"wp:attachment":[{"href":"http:\/\/vocesver.com\/noticias\/wp-json\/wp\/v2\/media?parent=43693"}],"wp:term":[{"taxonomy":"category","embeddable":true,"href":"http:\/\/vocesver.com\/noticias\/wp-json\/wp\/v2\/categories?post=43693"},{"taxonomy":"post_tag","embeddable":true,"href":"http:\/\/vocesver.com\/noticias\/wp-json\/wp\/v2\/tags?post=43693"}],"curies":[{"name":"wp","href":"https:\/\/api.w.org\/{rel}","templated":true}]}}