{"id":43688,"date":"2024-07-05T22:19:04","date_gmt":"2024-07-05T22:19:04","guid":{"rendered":"http:\/\/vocesver.com\/noticias\/?p=43688"},"modified":"2024-07-05T22:21:01","modified_gmt":"2024-07-05T22:21:01","slug":"asiste-rocio-nahle-a-conmemoracion-de-200-anos-del-poder-judicial","status":"publish","type":"post","link":"http:\/\/vocesver.com\/noticias\/asiste-rocio-nahle-a-conmemoracion-de-200-anos-del-poder-judicial\/","title":{"rendered":"ASISTE ROC\u00cdO NAHLE A CONMEMORACI\u00d3N DE 200 A\u00d1OS DEL PODER JUDICIAL"},"content":{"rendered":"\n<p><br>&gt;Se devel\u00f3 el mural conmemorativo a los 200 a\u00f1os del PJE.<br><br><br>AUSENCIO RIVERA\/VOCESVER.COM\/NOTICIAS<br>Xalapa, Ver., viernes 05 de julio de 2024.- La gobernadora electa de Veracruz, Roc\u00edo Nahle Garc\u00eda, asisti\u00f3 como invitada de la ceremonia conmemorativa de los 200 a\u00f1os del Poder Judicial del Estado de Veracruz.<br><br>Al acto, que encabez\u00f3 la magistrada presidenta del Tribunal Superior de Justicia y del Consejo de la Judicatura del Poder Judicial del Estado, Lisbeth Aurelia Jim\u00e9nez Aguirre, asisti\u00f3 el gobernador de Veracruz, Cuitl\u00e1huac Garc\u00eda Jim\u00e9nez como representante del Poder Ejecutivo.<br><br>En este marco se entreg\u00f3 el \u201cPrimer arreglo de la administraci\u00f3n de justicia en el Estado del 28 de julio de 1824\u201d por parte del Archivo General del Gobierno del Estado y se hizo un recuento<br>de los 200 a\u00f1os de esta honorable instituci\u00f3n.<br><br>Se entregaron tambi\u00e9n reconocimientos a los magistrados integrantes por su trayectoria, con especial atenci\u00f3n a la participaci\u00f3n de las mujeres dentro del Poder Judicial.<br><br><br><br><br><br><br><br><br><br><br><br><br><br><br><br><br><br><br><br><br><br><br><br><br><\/p>\n","protected":false},"excerpt":{"rendered":"<p>&gt;Se devel\u00f3 el mural conmemorativo a los 200 a\u00f1os del PJE. AUSENCIO RIVERA\/VOCESVER.COM\/NOTICIASXalapa, Ver., viernes 05 de julio de 2024.-<\/p>\n","protected":false},"author":2,"featured_media":43696,"comment_status":"open","ping_status":"open","sticky":false,"template":"","format":"standard","meta":{"colormag_page_container_layout":"default_layout","colormag_page_sidebar_layout":"default_layout","footnotes":""},"categories":[4],"tags":[],"class_list":["post-43688","post","type-post","status-publish","format-standard","has-post-thumbnail","hentry","category-estatal"],"_links":{"self":[{"href":"http:\/\/vocesver.com\/noticias\/wp-json\/wp\/v2\/posts\/43688","targetHints":{"allow":["GET"]}}],"collection":[{"href":"http:\/\/vocesver.com\/noticias\/wp-json\/wp\/v2\/posts"}],"about":[{"href":"http:\/\/vocesver.com\/noticias\/wp-json\/wp\/v2\/types\/post"}],"author":[{"embeddable":true,"href":"http:\/\/vocesver.com\/noticias\/wp-json\/wp\/v2\/users\/2"}],"replies":[{"embeddable":true,"href":"http:\/\/vocesver.com\/noticias\/wp-json\/wp\/v2\/comments?post=43688"}],"version-history":[{"count":3,"href":"http:\/\/vocesver.com\/noticias\/wp-json\/wp\/v2\/posts\/43688\/revisions"}],"predecessor-version":[{"id":43697,"href":"http:\/\/vocesver.com\/noticias\/wp-json\/wp\/v2\/posts\/43688\/revisions\/43697"}],"wp:featuredmedia":[{"embeddable":true,"href":"http:\/\/vocesver.com\/noticias\/wp-json\/wp\/v2\/media\/43696"}],"wp:attachment":[{"href":"http:\/\/vocesver.com\/noticias\/wp-json\/wp\/v2\/media?parent=43688"}],"wp:term":[{"taxonomy":"category","embeddable":true,"href":"http:\/\/vocesver.com\/noticias\/wp-json\/wp\/v2\/categories?post=43688"},{"taxonomy":"post_tag","embeddable":true,"href":"http:\/\/vocesver.com\/noticias\/wp-json\/wp\/v2\/tags?post=43688"}],"curies":[{"name":"wp","href":"https:\/\/api.w.org\/{rel}","templated":true}]}}