{"id":43684,"date":"2024-07-05T22:14:19","date_gmt":"2024-07-05T22:14:19","guid":{"rendered":"http:\/\/vocesver.com\/noticias\/?p=43684"},"modified":"2024-07-05T22:15:47","modified_gmt":"2024-07-05T22:15:47","slug":"irma-davila-espinoza-jefa-de-ofigob-anuncia-rocio-nahle","status":"publish","type":"post","link":"http:\/\/vocesver.com\/noticias\/irma-davila-espinoza-jefa-de-ofigob-anuncia-rocio-nahle\/","title":{"rendered":"IRMA D\u00c1VILA ESPINOZA, JEFA DE OFIGOB ANUNCIA ROC\u00cdO NAHLE"},"content":{"rendered":"\n<p>&gt;Confirma ejecutiva electa que fusionar\u00e1 la OFIGOB y la PROGOB (Oficina del Programa de Gobierno)<br><br><br>AUSENCIO RIVERA\/VOCESVER.COM\/NOTICIAS<br>Boca del R\u00edo, Ver., viernes 05 de julio de 2024.- Egresada de la Licenciatura en Derecho por el Instituto Universitario Puebla y con amplia experiencia en la funci\u00f3n p\u00fablica, Irma D\u00e1vila Espinoza ser\u00e1 la Jefa de la Oficina de la Gobernadora (OFIGOB), que integrar\u00e1 tambi\u00e9n a la actual Oficina del Programa de Gobierno continuando as\u00ed la reingenier\u00eda de la estructura administrativa estatal, dio a conocer la gobernadora electa, Roc\u00edo Nahle Garc\u00eda.<br><br>Irma D\u00e1vila tiene m\u00e1s de 16 a\u00f1os de experiencia participando activamente dentro de la administradora p\u00fablica, buscando consolidar una visi\u00f3n de progreso y desarrollo, por medio de una gesti\u00f3n administrativa transparente, honesta, responsable, eficaz y participativa.<br><br>Se desempe\u00f1\u00f3 como Jefa del Departamento de Planeaci\u00f3n e Informaci\u00f3n Ocupacional del Servicio Nacional de Empleo Veracruz (SNE) en la Secretar\u00eda de Trabajo, Previsi\u00f3n Social y Productividad.<br><br>Tambi\u00e9n fue Secretaria Particular de la Direcci\u00f3n General del Registro P\u00fablico de la Propiedad y de Inspecci\u00f3n y Archivo General de Notar\u00edas.<br><br>Tiene adem\u00e1s experiencia como Jefa del Departamento de Planeaci\u00f3n e Informaci\u00f3n Ocupacional del Servicio Nacional de Empleo Veracruz (SNE)<br><br>Ha sido enlace de la Oficina del Programa de Gobierno (PROGOB) con la secretar\u00edas del Trabajo, Previsi\u00f3n Social y Productividad; de Desarrollo Econ\u00f3mico y Portuario; de la Secretaria de Comunicaciones del Estado; de la extinta Comisi\u00f3n Veracruzana de Comercializaci\u00f3n Agropecuaria (COVECA) y de la Coordinaci\u00f3n de Comunicaci\u00f3n Social.<br><br>Particip\u00f3 en proyectos de alta responsabilidad como la actualizaci\u00f3n y realineamiento del Plan Nacional de Desarrollo, Planes Sectoriales e Institucionales, Veracruz y la Energ\u00eda as\u00ed como en la integraci\u00f3n del Plan Veracruzano de Desarrollo 2005-2010 y del Plan Veracruzano de Desarrollo 2011-2016.<br><br><br><br><br><br><br><br><br><br><br><br><br><br><br><br><br><br><br><br><br><br><br><br><br><br><br><\/p>\n","protected":false},"excerpt":{"rendered":"<p>&gt;Confirma ejecutiva electa que fusionar\u00e1 la OFIGOB y la PROGOB (Oficina del Programa de Gobierno) AUSENCIO RIVERA\/VOCESVER.COM\/NOTICIASBoca del R\u00edo, Ver.,<\/p>\n","protected":false},"author":2,"featured_media":43690,"comment_status":"open","ping_status":"open","sticky":false,"template":"","format":"standard","meta":{"colormag_page_container_layout":"default_layout","colormag_page_sidebar_layout":"default_layout","footnotes":""},"categories":[1],"tags":[],"class_list":["post-43684","post","type-post","status-publish","format-standard","has-post-thumbnail","hentry","category-sin-categoria"],"_links":{"self":[{"href":"http:\/\/vocesver.com\/noticias\/wp-json\/wp\/v2\/posts\/43684","targetHints":{"allow":["GET"]}}],"collection":[{"href":"http:\/\/vocesver.com\/noticias\/wp-json\/wp\/v2\/posts"}],"about":[{"href":"http:\/\/vocesver.com\/noticias\/wp-json\/wp\/v2\/types\/post"}],"author":[{"embeddable":true,"href":"http:\/\/vocesver.com\/noticias\/wp-json\/wp\/v2\/users\/2"}],"replies":[{"embeddable":true,"href":"http:\/\/vocesver.com\/noticias\/wp-json\/wp\/v2\/comments?post=43684"}],"version-history":[{"count":3,"href":"http:\/\/vocesver.com\/noticias\/wp-json\/wp\/v2\/posts\/43684\/revisions"}],"predecessor-version":[{"id":43691,"href":"http:\/\/vocesver.com\/noticias\/wp-json\/wp\/v2\/posts\/43684\/revisions\/43691"}],"wp:featuredmedia":[{"embeddable":true,"href":"http:\/\/vocesver.com\/noticias\/wp-json\/wp\/v2\/media\/43690"}],"wp:attachment":[{"href":"http:\/\/vocesver.com\/noticias\/wp-json\/wp\/v2\/media?parent=43684"}],"wp:term":[{"taxonomy":"category","embeddable":true,"href":"http:\/\/vocesver.com\/noticias\/wp-json\/wp\/v2\/categories?post=43684"},{"taxonomy":"post_tag","embeddable":true,"href":"http:\/\/vocesver.com\/noticias\/wp-json\/wp\/v2\/tags?post=43684"}],"curies":[{"name":"wp","href":"https:\/\/api.w.org\/{rel}","templated":true}]}}