{"id":43677,"date":"2024-07-04T22:23:30","date_gmt":"2024-07-04T22:23:30","guid":{"rendered":"http:\/\/vocesver.com\/noticias\/?p=43677"},"modified":"2024-07-04T22:25:05","modified_gmt":"2024-07-04T22:25:05","slug":"se-llevara-a-cabo-la-primera-jornada-de-tamiz-auditivo-en-veracruz","status":"publish","type":"post","link":"http:\/\/vocesver.com\/noticias\/se-llevara-a-cabo-la-primera-jornada-de-tamiz-auditivo-en-veracruz\/","title":{"rendered":"*Se llevar\u00e1 a cabo la Primera Jornada de Tamiz Auditivo en Veracruz*"},"content":{"rendered":"\n<p>*Ser\u00e1 este pr\u00f3ximo 6 de julio en conocido hotel del municipio de Boca del Rio<br>*Especialistas dar\u00e1n conferencias respecto a los avances en m\u00e9dicos en Tamiz Auditivo<br><br><br>REDACCI\u00d3N\/VOCESVER.COM\/NOTICIAS<br>Boca del R\u00edo, Ver.- Este s\u00e1bado 6 de julio se realizar\u00e1 en importante hotel del municipio boque\u00f1o, la primera Jornada Nacional de Tamiz Auditivo, as\u00ed lo inform\u00f3  <br>la presidenta del COVAOF (Colegio Veracruzano de Audiolog\u00eda, Otoneurolog\u00eda y Foniatr\u00eda), doctora Rebeca de los \u00c1ngeles Pati\u00f1o Lara.<br><br>Al respecto, destac\u00f3 la importancia de que se practique este importante estudio medico a los bebes reci\u00e9n nacidos, para determinar si hay alguna situaci\u00f3n de hipoacusia (sordera) en peque\u00f1os pacientes.<br><br>Este evento, va dirigido m\u00e9dicos generales, especialistas, enfermeras, quienes son el personal de salud de primer contacto en reci\u00e9n nacidos quienes pueden detectar problemas de audici\u00f3n en los primeros d\u00edas de vida.<br><br>\u201cLo que se pretende hacer es que se realice el Tamiz Auditivo en los reci\u00e9n nacidos, para saber desde muy peque\u00f1itos que se tiene este problema y poder ofrecerle la oportunidad de rehabilitarse, de tener aparatos, de tener un implante coclear que haga que su vida y desarrollo, tanto auditivo como de lenguaje, social y cognitivo sea adecuado para un ni\u00f1o de edad\u201d, dijo Pati\u00f1o Lara.<br><br>As\u00ed mismo la especialista, declar\u00f3 que muchas veces los padres se dan cuenta de este tipo de situaciones en una edad avanzada del ni\u00f1o, cuando tienen problemas de habla o muchas veces al no escuchar, no pueden llevar a cabo algunas acciones que sus padres les ordenan, llegando a confundir esta problem\u00e1tica de salud, con problemas de conducta.<br><br>La titular del COVAOF mencion\u00f3 que desafortunadamente la incidencia en padecimientos de sordera en ni\u00f1os es significativa, donde el desarrollo de los peque\u00f1os pacientes a futuro se ve comprometido en al no contar con un diagn\u00f3stico certero para poder llevar a cabo su rehabilitaci\u00f3n auditiva.<br><br>A\u00f1adi\u00f3 que se contar\u00e1n con la presencia de principales especialistas en la materia, como lo son: la doctoras, Martha Rosete de D\u00edaz, Teresa P\u00e9rez Castillo, Nohem\u00ed Hern\u00e1ndez Altamirano y Ver\u00f3nica Alejandra Guti\u00e9rrez, las cuales estar\u00e1n compartiendo sus experiencias respecto al tema del Tamiz Auditivo y los principales avances m\u00e9dicos en esta materia.<br><br>Invit\u00f3 a todos los pediatras, neonat\u00f3logos, audi\u00f3logos, otorrinolaring\u00f3logos, m\u00e9dicos familiares, m\u00e9dicos generales y enfermeros, a inscribirse a estas jornadas m\u00e9dicas, donde pueden solicitar informes a trav\u00e9s de la p\u00e1gina del COVAOF la cual es https:\/\/covaof.bycri.com\/registro\/ o a trav\u00e9s del correo covaoftesoreria@g<br><br><br><br><br><br><br><br><br><br><br><br><br><br><br><br><br><br><br><br><br><br><br><br><br><\/p>\n","protected":false},"excerpt":{"rendered":"<p>*Ser\u00e1 este pr\u00f3ximo 6 de julio en conocido hotel del municipio de Boca del Rio*Especialistas dar\u00e1n conferencias respecto a los<\/p>\n","protected":false},"author":2,"featured_media":43686,"comment_status":"open","ping_status":"open","sticky":false,"template":"","format":"standard","meta":{"colormag_page_container_layout":"default_layout","colormag_page_sidebar_layout":"default_layout","footnotes":""},"categories":[2],"tags":[],"class_list":["post-43677","post","type-post","status-publish","format-standard","has-post-thumbnail","hentry","category-infogral"],"_links":{"self":[{"href":"http:\/\/vocesver.com\/noticias\/wp-json\/wp\/v2\/posts\/43677","targetHints":{"allow":["GET"]}}],"collection":[{"href":"http:\/\/vocesver.com\/noticias\/wp-json\/wp\/v2\/posts"}],"about":[{"href":"http:\/\/vocesver.com\/noticias\/wp-json\/wp\/v2\/types\/post"}],"author":[{"embeddable":true,"href":"http:\/\/vocesver.com\/noticias\/wp-json\/wp\/v2\/users\/2"}],"replies":[{"embeddable":true,"href":"http:\/\/vocesver.com\/noticias\/wp-json\/wp\/v2\/comments?post=43677"}],"version-history":[{"count":2,"href":"http:\/\/vocesver.com\/noticias\/wp-json\/wp\/v2\/posts\/43677\/revisions"}],"predecessor-version":[{"id":43685,"href":"http:\/\/vocesver.com\/noticias\/wp-json\/wp\/v2\/posts\/43677\/revisions\/43685"}],"wp:featuredmedia":[{"embeddable":true,"href":"http:\/\/vocesver.com\/noticias\/wp-json\/wp\/v2\/media\/43686"}],"wp:attachment":[{"href":"http:\/\/vocesver.com\/noticias\/wp-json\/wp\/v2\/media?parent=43677"}],"wp:term":[{"taxonomy":"category","embeddable":true,"href":"http:\/\/vocesver.com\/noticias\/wp-json\/wp\/v2\/categories?post=43677"},{"taxonomy":"post_tag","embeddable":true,"href":"http:\/\/vocesver.com\/noticias\/wp-json\/wp\/v2\/tags?post=43677"}],"curies":[{"name":"wp","href":"https:\/\/api.w.org\/{rel}","templated":true}]}}