{"id":43673,"date":"2024-07-04T21:54:36","date_gmt":"2024-07-04T21:54:36","guid":{"rendered":"http:\/\/vocesver.com\/noticias\/?p=43673"},"modified":"2024-07-04T22:16:23","modified_gmt":"2024-07-04T22:16:23","slug":"sentimientos-de-la-nacionadvierte-con-movilizacion-si-ayuntamiento-de-veracruz-no-regulariza-colonias-del-municipiotamariz-pimentel","status":"publish","type":"post","link":"http:\/\/vocesver.com\/noticias\/sentimientos-de-la-nacionadvierte-con-movilizacion-si-ayuntamiento-de-veracruz-no-regulariza-colonias-del-municipiotamariz-pimentel\/","title":{"rendered":"SENTIMIENTOS DE LA NACI\u00d3N ADVIERTE CON MOVILIZACI\u00d3N SI AYUNTAMIENTO DE VERACRUZ NO REGULARIZA COLONIAS DEL MUNICIPIO:TAMARIZ PIMENTEL."},"content":{"rendered":"\n<p><br><br>Hay colonias que tienen 20 y hasta 40 a\u00f1os de estar haciendo ese reclamo y han sido ignoradas por las autoridades.<br><br>AUSENCIO RIVERA\/VOCESVER.COM\/NOTICIAS<br><br>Veracruz,Ver,. a 4 de Julio 2024.- Si el Ayuntamiento panista de Veracuz no regulariza las colonias populares que acusan atraso y marginaci\u00f3n desde hace m\u00e1s de 20 a\u00f1os , la Organizaci\u00f3n No Gubernamental Sentimiento de la Naci\u00f3n encabezar\u00e1 una manifestaci\u00f3n de protesta con la participaci\u00f3n de m\u00e1s de 3 mil personas que demandan esa atenci\u00f3n de manera inmedidata..<br>Lo anterior lo dio a conocer el Licenciado Evirilio Tamar\u00edz Pimentel  presidente estatal de dicha organizaci\u00f3n  al acompa\u00f1ar a una comisi\u00f3n de colonos que demandan a gritos esa regularizaci\u00f3n.<br>Entrevistado frente a la  puerta de acceso principal al Ayuntamiento panista el fiel seguidor de los ideales de Emiliano Zapata exclam\u00f3: ahorita est\u00e1n aqu\u00ed una comisi\u00f3n peque\u00f1a, pero si no tenemos respuesta  y soluci\u00f3n de manera pronta \u00abVamos a tener que venir todos los afectados para ver si as\u00ed nos hacen caso para que ese problema de regularizaci\u00f3n se resuelva\u00bb..<br>Dijo que actualmente son tres colonias las que reclaman esa regularizaci\u00f3n como; Las Torres, Lomas del Angel y dem\u00e1s que rodean esas \u00e1reas. En total son 3 mil familias las que se  ven afectadas de manera directa por esa falta de atenci\u00f3n de las autoridades municipales y estatales.  <br>Dijo que son mas de tres mil familias las que no tienen acceso a la certeza legal de sus escrituras y de sus documentos de propiedad.<br>Debido a esta situaci\u00f3n todas estas familias no tienen acceso a servicios p\u00fablicos y, que el Ayuntamiento tendr\u00eda que otorgar por ley a todo ciudadano veracruzano.<br>Destac\u00f3 que en Veracruz hay m\u00e1s colonias como La Pochota entre otras que tienen m\u00e1s de 40 a\u00f1os y que tampoco han sido regularizadas por la autoridad municipal. Todas esas colonias est\u00e1n en la misma situaci\u00f3n de rezago en los servicios y por lo mismo urge tomar cartas en el asunto, sobre todo si ya pasaron las  elecciones y las promesas de campa\u00f1as siempre volvieron  a ser las mismas y lo sproblemas siguen de manera permanente,eso ya no es posible,<br>El que gan\u00f3 a gobernar para todos y el que est\u00e1 gobernando debe terminar como debe ser gobernado en beneficio del pueblo. Sobre todo resolver ese grave problema a\u00f1ejo que las autoridades municipales han puesto o\u00eddos sordos subrray\u00f3.<br><br><br><br><br><br><br><br><br><br><br><br><br><br><br><br><br><br><br><br><br><br><br><br><\/p>\n","protected":false},"excerpt":{"rendered":"<p>Hay colonias que tienen 20 y hasta 40 a\u00f1os de estar haciendo ese reclamo y han sido ignoradas por las<\/p>\n","protected":false},"author":2,"featured_media":43680,"comment_status":"open","ping_status":"open","sticky":false,"template":"","format":"standard","meta":{"colormag_page_container_layout":"default_layout","colormag_page_sidebar_layout":"default_layout","footnotes":""},"categories":[2],"tags":[],"class_list":["post-43673","post","type-post","status-publish","format-standard","has-post-thumbnail","hentry","category-infogral"],"_links":{"self":[{"href":"http:\/\/vocesver.com\/noticias\/wp-json\/wp\/v2\/posts\/43673","targetHints":{"allow":["GET"]}}],"collection":[{"href":"http:\/\/vocesver.com\/noticias\/wp-json\/wp\/v2\/posts"}],"about":[{"href":"http:\/\/vocesver.com\/noticias\/wp-json\/wp\/v2\/types\/post"}],"author":[{"embeddable":true,"href":"http:\/\/vocesver.com\/noticias\/wp-json\/wp\/v2\/users\/2"}],"replies":[{"embeddable":true,"href":"http:\/\/vocesver.com\/noticias\/wp-json\/wp\/v2\/comments?post=43673"}],"version-history":[{"count":4,"href":"http:\/\/vocesver.com\/noticias\/wp-json\/wp\/v2\/posts\/43673\/revisions"}],"predecessor-version":[{"id":43682,"href":"http:\/\/vocesver.com\/noticias\/wp-json\/wp\/v2\/posts\/43673\/revisions\/43682"}],"wp:featuredmedia":[{"embeddable":true,"href":"http:\/\/vocesver.com\/noticias\/wp-json\/wp\/v2\/media\/43680"}],"wp:attachment":[{"href":"http:\/\/vocesver.com\/noticias\/wp-json\/wp\/v2\/media?parent=43673"}],"wp:term":[{"taxonomy":"category","embeddable":true,"href":"http:\/\/vocesver.com\/noticias\/wp-json\/wp\/v2\/categories?post=43673"},{"taxonomy":"post_tag","embeddable":true,"href":"http:\/\/vocesver.com\/noticias\/wp-json\/wp\/v2\/tags?post=43673"}],"curies":[{"name":"wp","href":"https:\/\/api.w.org\/{rel}","templated":true}]}}