{"id":43669,"date":"2024-07-03T23:44:22","date_gmt":"2024-07-03T23:44:22","guid":{"rendered":"http:\/\/vocesver.com\/noticias\/?p=43669"},"modified":"2024-07-03T23:45:27","modified_gmt":"2024-07-03T23:45:27","slug":"las-obras-de-la-plaza-comercial-siguen-su-curso","status":"publish","type":"post","link":"http:\/\/vocesver.com\/noticias\/las-obras-de-la-plaza-comercial-siguen-su-curso\/","title":{"rendered":"LAS OBRAS DE LA PLAZA COMERCIAL SIGUEN SU CURSO."},"content":{"rendered":"\n<p>REDACCI\u00d3N\/VOCESVER.COM\/NOTICIAS<br>Veracruz,Ver,. a  3 de Julio 2024.-Las obras de construcci\u00f3n de la plaza comercial que se edifica atr\u00e1s de los puestos de artesan\u00edas del Malec\u00f3n de Veracruz siguen su curso. Se observa a cuadrillas de trabajadores realizando diversas maniobra es el sitio donde se levanta dicha plaza. Foto Ausencio RIVERA; <br><br><br><br><br><br><br><br><br><br><br><br><br><br><br><br><br><br><br><br><br><br><\/p>\n","protected":false},"excerpt":{"rendered":"<p>REDACCI\u00d3N\/VOCESVER.COM\/NOTICIASVeracruz,Ver,. a 3 de Julio 2024.-Las obras de construcci\u00f3n de la plaza comercial que se edifica atr\u00e1s de los puestos<\/p>\n","protected":false},"author":2,"featured_media":43675,"comment_status":"open","ping_status":"open","sticky":false,"template":"","format":"standard","meta":{"colormag_page_container_layout":"default_layout","colormag_page_sidebar_layout":"default_layout","footnotes":""},"categories":[2],"tags":[],"class_list":["post-43669","post","type-post","status-publish","format-standard","has-post-thumbnail","hentry","category-infogral"],"_links":{"self":[{"href":"http:\/\/vocesver.com\/noticias\/wp-json\/wp\/v2\/posts\/43669","targetHints":{"allow":["GET"]}}],"collection":[{"href":"http:\/\/vocesver.com\/noticias\/wp-json\/wp\/v2\/posts"}],"about":[{"href":"http:\/\/vocesver.com\/noticias\/wp-json\/wp\/v2\/types\/post"}],"author":[{"embeddable":true,"href":"http:\/\/vocesver.com\/noticias\/wp-json\/wp\/v2\/users\/2"}],"replies":[{"embeddable":true,"href":"http:\/\/vocesver.com\/noticias\/wp-json\/wp\/v2\/comments?post=43669"}],"version-history":[{"count":2,"href":"http:\/\/vocesver.com\/noticias\/wp-json\/wp\/v2\/posts\/43669\/revisions"}],"predecessor-version":[{"id":43674,"href":"http:\/\/vocesver.com\/noticias\/wp-json\/wp\/v2\/posts\/43669\/revisions\/43674"}],"wp:featuredmedia":[{"embeddable":true,"href":"http:\/\/vocesver.com\/noticias\/wp-json\/wp\/v2\/media\/43675"}],"wp:attachment":[{"href":"http:\/\/vocesver.com\/noticias\/wp-json\/wp\/v2\/media?parent=43669"}],"wp:term":[{"taxonomy":"category","embeddable":true,"href":"http:\/\/vocesver.com\/noticias\/wp-json\/wp\/v2\/categories?post=43669"},{"taxonomy":"post_tag","embeddable":true,"href":"http:\/\/vocesver.com\/noticias\/wp-json\/wp\/v2\/tags?post=43669"}],"curies":[{"name":"wp","href":"https:\/\/api.w.org\/{rel}","templated":true}]}}