{"id":43665,"date":"2024-07-03T23:30:46","date_gmt":"2024-07-03T23:30:46","guid":{"rendered":"http:\/\/vocesver.com\/noticias\/?p=43665"},"modified":"2024-07-03T23:34:03","modified_gmt":"2024-07-03T23:34:03","slug":"mientras-semarnat-no-autorice-a-movernos-del-malecon-aqui-nos-quedaremosangel-hernandez","status":"publish","type":"post","link":"http:\/\/vocesver.com\/noticias\/mientras-semarnat-no-autorice-a-movernos-del-malecon-aqui-nos-quedaremosangel-hernandez\/","title":{"rendered":"MIENTRAS SEMARNAT NO AUTORICE A MOVERNOS DEL MALEC\u00d3N, AQUI NOS QUEDAREMOS:ANGEL HERN\u00c1NDEZ."},"content":{"rendered":"\n<p><br>AUSENCIO RIVERA\/VOCESVER.COM\/NOTICIAS<br><br>Veracruz,Ver,. a 3 de Junio 2024..-Mientras no exista una autorizaci\u00f3n por escrito de parte de la Semarnat, \u00abnosotros no podemo movernos para ning\u00fan lado afirm\u00f3 Angel Hern\u00e1ndez Ramos presidente de la Asociaci\u00f3n de Artesanos Fundadores del Malec\u00f3n de Veracruz.<br>Entrevistado sobre el tema record\u00f3 que por el lado de Insurgentes Veracruzanos hay dos agrupaciones que comprenden 80 locales y cada agrupaci\u00f3n es una concesi\u00f3n,mientras que por el lado de Landero y Coss existen 20 concesiones.<br>Des estas 20 concesiones no sabemos si algunos compa\u00f1eros hayan tenido alg\u00fan tipo de acercamiento con las autoridades, pero lo que si puedo decir  es que por parte de Insurgente Veracruzanos existe el acuerdo de no movernos de este lugar mientras no exista un documento firmado por la Semarnat que nos autorice una reubicaci\u00f3n temporal y de ah\u00ed la certeza de que los nuevos locales que pretenden construir se nos d\u00e9 esa certeza tambi\u00e9n de manera jur\u00eddica de que esa dependencia federal nos va a dar esas concesiones para que todo vuelva a la normalidad. <br> En el caso de Asipona dijo que ellos no son autoridad, \u00abellos son los que tienen el proyecto de la Plaza Comercial  y son los que est\u00e1n financiando el proyecto.<br>Ellos lo que buscan es que la autoridad competente pueda participar y pueda darnos esas facilidades anot\u00f3.<br>Destac\u00f3 que ellos desde un principio se\u00f1alaron :Mientras Semarnat no diga esta boca es m\u00eda, nosotros no, nos movemos de  aqu\u00ed\u00bb.<br>Ahorita todo es de palabra  e insist\u00ed\u00f3 aun cuando pudiera haber un tipo de acuerdo firmado y por escrito, eso no significa que tiene que ser as\u00ed. <br>Hern\u00e1ndez Ramos fue muy claro a se\u00f1alar:Mientras Semarnat no, nos autorice, \u00abnosotros no  podemos movernos para ning\u00fan lado\u00bb. <br>Finalmente dijo que ellos descartan alg\u00fan desalojo con la fuerza p\u00fablica toda vez que el director de Asipona es una persona muy consciente e incluso \u00e9l mismo ha declarado que no va haber desalojos  y nada que atente contra los derechos de todos estos comerciantes.  <br><br><br><br><br><br><br><br><br><br><br><br><br><br><br><br><br><br><br><br><br><br><\/p>\n","protected":false},"excerpt":{"rendered":"<p>AUSENCIO RIVERA\/VOCESVER.COM\/NOTICIAS Veracruz,Ver,. a 3 de Junio 2024..-Mientras no exista una autorizaci\u00f3n por escrito de parte de la Semarnat, \u00abnosotros<\/p>\n","protected":false},"author":2,"featured_media":43671,"comment_status":"open","ping_status":"open","sticky":false,"template":"","format":"standard","meta":{"colormag_page_container_layout":"default_layout","colormag_page_sidebar_layout":"default_layout","footnotes":""},"categories":[1],"tags":[],"class_list":["post-43665","post","type-post","status-publish","format-standard","has-post-thumbnail","hentry","category-sin-categoria"],"_links":{"self":[{"href":"http:\/\/vocesver.com\/noticias\/wp-json\/wp\/v2\/posts\/43665","targetHints":{"allow":["GET"]}}],"collection":[{"href":"http:\/\/vocesver.com\/noticias\/wp-json\/wp\/v2\/posts"}],"about":[{"href":"http:\/\/vocesver.com\/noticias\/wp-json\/wp\/v2\/types\/post"}],"author":[{"embeddable":true,"href":"http:\/\/vocesver.com\/noticias\/wp-json\/wp\/v2\/users\/2"}],"replies":[{"embeddable":true,"href":"http:\/\/vocesver.com\/noticias\/wp-json\/wp\/v2\/comments?post=43665"}],"version-history":[{"count":2,"href":"http:\/\/vocesver.com\/noticias\/wp-json\/wp\/v2\/posts\/43665\/revisions"}],"predecessor-version":[{"id":43670,"href":"http:\/\/vocesver.com\/noticias\/wp-json\/wp\/v2\/posts\/43665\/revisions\/43670"}],"wp:featuredmedia":[{"embeddable":true,"href":"http:\/\/vocesver.com\/noticias\/wp-json\/wp\/v2\/media\/43671"}],"wp:attachment":[{"href":"http:\/\/vocesver.com\/noticias\/wp-json\/wp\/v2\/media?parent=43665"}],"wp:term":[{"taxonomy":"category","embeddable":true,"href":"http:\/\/vocesver.com\/noticias\/wp-json\/wp\/v2\/categories?post=43665"},{"taxonomy":"post_tag","embeddable":true,"href":"http:\/\/vocesver.com\/noticias\/wp-json\/wp\/v2\/tags?post=43665"}],"curies":[{"name":"wp","href":"https:\/\/api.w.org\/{rel}","templated":true}]}}