{"id":43659,"date":"2024-07-03T22:49:18","date_gmt":"2024-07-03T22:49:18","guid":{"rendered":"http:\/\/vocesver.com\/noticias\/?p=43659"},"modified":"2024-07-03T22:52:38","modified_gmt":"2024-07-03T22:52:38","slug":"rocio-nahle-artifice-del-triunfo-del-pasado-2-de-junio-esteban-ramirez-zepeta","status":"publish","type":"post","link":"http:\/\/vocesver.com\/noticias\/rocio-nahle-artifice-del-triunfo-del-pasado-2-de-junio-esteban-ramirez-zepeta\/","title":{"rendered":"*Roc\u00edo Nahle, art\u00edfice del triunfo del pasado 2 de junio: Esteban Ram\u00edrez Zepeta.*"},"content":{"rendered":"\n<p>&#8211; \u201cResultado hist\u00f3rico se debe al esfuerzo y liderazgo de la gobernadora electa y a los buenos gobiernos de la 4T\u201d, enfatiz\u00f3<br> <br><br>REDACCI\u00d3N\/VOCESVER.COM\/NOTICIAS<br><br>*_Xalapa, Veracruz, a 3 de julio del 2024._*<br><br>Esteban Ram\u00edrez Zepeta, presidente del Comit\u00e9 Ejecutivo Estatal de Morena en Veracruz, declar\u00f3 que los resultados obtenidos en las pasadas elecciones del 2 de junio, donde Morena arras\u00f3, se debe a un trabajo de unidad y organizaci\u00f3n del movimiento bajo el liderazgo de la ingeniera Roc\u00edo Nahle.<br><br>\u00abEstos son los mejores resultados que ha tenido nuestro movimiento, afortunadamente se cuenta con el apoyo y la confianza de la ciudadan\u00eda\u00bb expres\u00f3 el dirigente.<br><br>Reiter\u00f3 que con el liderazgo, el esfuerzo y el compromiso de la gobernadora electa; Roc\u00edo Nahle, y la coordinaci\u00f3n con la militancia y el trabajo a ras de suelo fueron clave para este triunfo.<br><br>\u00abEstamos hablando de 500 mil votos de diferencia con la elecci\u00f3n anterior, y eso demuestra los resultados, el trabajo y el compromiso de los gobiernos de la cuarta transformaci\u00f3n que ha encabezado el presidente Andr\u00e9s Manuel L\u00f3pez Obrador, y aqu\u00ed en Veracruz el ingeniero Cuitl\u00e1huac Garc\u00eda Jim\u00e9nez, para que la ciudadan\u00eda demostrara esa confianza y dieran su apoyo al proyecto de continuidad de la cuarta transformaci\u00f3n.\u00bb puntualiz\u00f3 Ram\u00edrez Zepeta.<br><br>Con respecto al proceso electoral del 2025, dijo que es responsabilidad del partido y hay que esperar los tiempos que este determine; agreg\u00f3 que las candidaturas se definir\u00e1n bajo el m\u00e9todo de encuesta, como se ha venido haciendo en Morena y ning\u00fan actor pol\u00edtico decidir\u00e1 en este tema.<br><br>\u00abLos que van a hacerse responsables de eso son las dirigencias; tanto nacional, como estatal, de ah\u00ed en fuera nin\u00fan actor pol\u00edtico puede intervenir en el proceso interno.\u00bb dijo.<br><br>Pidi\u00f3 a la militancia paciencia, madurez pol\u00edtica, y que no se desesperen ni confundan con la desinformaci\u00f3n que circula, \u00abvamos a esperar el proceso a nivel nacional, esperamos que se defina para finales de a\u00f1o\u00bb finaliz\u00f3.<br><br><br><br><br><br><br><br><br><br><br><br><br><br><br><br><br><br><br><br><br><br><br><br><\/p>\n","protected":false},"excerpt":{"rendered":"<p>&#8211; \u201cResultado hist\u00f3rico se debe al esfuerzo y liderazgo de la gobernadora electa y a los buenos gobiernos de la<\/p>\n","protected":false},"author":2,"featured_media":43667,"comment_status":"open","ping_status":"open","sticky":false,"template":"","format":"standard","meta":{"colormag_page_container_layout":"default_layout","colormag_page_sidebar_layout":"default_layout","footnotes":""},"categories":[4],"tags":[],"class_list":["post-43659","post","type-post","status-publish","format-standard","has-post-thumbnail","hentry","category-estatal"],"_links":{"self":[{"href":"http:\/\/vocesver.com\/noticias\/wp-json\/wp\/v2\/posts\/43659","targetHints":{"allow":["GET"]}}],"collection":[{"href":"http:\/\/vocesver.com\/noticias\/wp-json\/wp\/v2\/posts"}],"about":[{"href":"http:\/\/vocesver.com\/noticias\/wp-json\/wp\/v2\/types\/post"}],"author":[{"embeddable":true,"href":"http:\/\/vocesver.com\/noticias\/wp-json\/wp\/v2\/users\/2"}],"replies":[{"embeddable":true,"href":"http:\/\/vocesver.com\/noticias\/wp-json\/wp\/v2\/comments?post=43659"}],"version-history":[{"count":2,"href":"http:\/\/vocesver.com\/noticias\/wp-json\/wp\/v2\/posts\/43659\/revisions"}],"predecessor-version":[{"id":43666,"href":"http:\/\/vocesver.com\/noticias\/wp-json\/wp\/v2\/posts\/43659\/revisions\/43666"}],"wp:featuredmedia":[{"embeddable":true,"href":"http:\/\/vocesver.com\/noticias\/wp-json\/wp\/v2\/media\/43667"}],"wp:attachment":[{"href":"http:\/\/vocesver.com\/noticias\/wp-json\/wp\/v2\/media?parent=43659"}],"wp:term":[{"taxonomy":"category","embeddable":true,"href":"http:\/\/vocesver.com\/noticias\/wp-json\/wp\/v2\/categories?post=43659"},{"taxonomy":"post_tag","embeddable":true,"href":"http:\/\/vocesver.com\/noticias\/wp-json\/wp\/v2\/tags?post=43659"}],"curies":[{"name":"wp","href":"https:\/\/api.w.org\/{rel}","templated":true}]}}