{"id":43654,"date":"2024-07-03T22:42:03","date_gmt":"2024-07-03T22:42:03","guid":{"rendered":"http:\/\/vocesver.com\/noticias\/?p=43654"},"modified":"2024-07-03T22:44:10","modified_gmt":"2024-07-03T22:44:10","slug":"nombra-rocio-nahle-a-directores-de-comunicacion-institucional","status":"publish","type":"post","link":"http:\/\/vocesver.com\/noticias\/nombra-rocio-nahle-a-directores-de-comunicacion-institucional\/","title":{"rendered":"NOMBRA ROC\u00cdO NAHLE A DIRECTORES DE COMUNICACI\u00d3N INSTITUCIONAL"},"content":{"rendered":"\n<p>&gt;La Coordinaci\u00f3n General de Comunicaci\u00f3n Social ser\u00e1 reestructurada en dos direcciones: de Prensa y de Contenidos Digitales.<br>&gt;\u201dLa comunicaci\u00f3n tiene que ser directa, con respeto, responsable, puntual y seria\u201d, adelanta la ejecutiva electa.<br>AUSENCIO RIVERA\/VOCESVER.COM\/NOTICIAS<br>Boca del R\u00edo, Ver., martes 02 de julio de 2024.- Dada la importancia y sensibilidad del \u00e1rea, la gobernadora electa de Veracruz, Roc\u00edo Nahle Garc\u00eda, anunci\u00f3 a los titulares de las dos direcciones que a partir de diciembre estar\u00e1n a cargo de la comunicaci\u00f3n institucional del Gobierno de Veracruz en lugar de la actual Coordinaci\u00f3n General de Comunicaci\u00f3n Social que ser\u00e1 reestructurada.<br><br>De esta forma, con la creaci\u00f3n de la Direcci\u00f3n de Prensa y la Direcci\u00f3n de Contenidos Digitales, inicia la reingenier\u00eda que se contempla para la pr\u00f3xima administraci\u00f3n a fin de eficientar las funciones de cada \u00e1rea.<br><br>RODOLFO BOUZAS MEDINA<br><br>Rodolfo Bouzas Medina, estar\u00e1 a cargo de la Direcci\u00f3n de Contenidos Digitales, es Licenciado en Ciencias y T\u00e9cnicas de la Comunicaci\u00f3n por la Universidad de Xalapa (UX) y cuenta con una maestr\u00eda en Dise\u00f1o Creativo Digital por el Centro Universitario de Comunicaci\u00f3n as\u00ed como con la Certificaci\u00f3n 2012 en Adobe Certified Associate in Video. Autodesk Maya Certified User.<br><br>Es experto en la implementaci\u00f3n de teor\u00edas de la comunicaci\u00f3n para la creaci\u00f3n de materiales de impacto y el desarrollo de estrategias de comunicaci\u00f3n, campa\u00f1as de publicidad, manejo de redes sociales y l\u00edder de proyecto as\u00ed como la creaci\u00f3n de guiones para spot de TV, radio, redes sociales, c\u00e1psulas y opening de eventos.<br><br>Bouzas Medina es Operador de Drone con licencia \u201cDJI Spark\u201d, adem\u00e1s de fot\u00f3grafo, camar\u00f3grafo, con especialidad en grabaci\u00f3n de audio, pos-producci\u00f3n y edici\u00f3n multimedia, certificado por Adobe y Autodesk.<br><br>Tiene amplia experiencia en producci\u00f3n de informes de gobierno, foros de opini\u00f3n, presentaci\u00f3n de proyectos y eventos emblem\u00e1ticos, desarrollo de contenido, coordinaci\u00f3n editorial y producci\u00f3n de material de difusi\u00f3n masiva as\u00ed como contenido para redes sociales.<br><br>Se ha desempe\u00f1ado como Director de Informaci\u00f3n de la Secretar\u00eda de Energ\u00eda del Gobierno de M\u00e9xico y como Productor de contenidos, imagen y video de las campa\u00f1as para Senadora (2018) y para gobernadora (2024) de la Ing. Roc\u00edo Nahle Garc\u00eda.<br><br>ADRIANA MU\u00d1OZ CABRERA<br><br>Periodista de informaci\u00f3n general (pol\u00edtica y empresarial) desde hace m\u00e1s de 20 a\u00f1os y profesora de educaci\u00f3n primaria ser\u00e1 la Directora de Prensa del Gobierno de la Ing. Roc\u00edo Nahle Garc\u00eda.<br><br>Realiz\u00f3 la Licenciatura en Comunicaci\u00f3n en la Facultad de Ciencias de la Comunicaci\u00f3n de la Universidad Veracruzana y curs\u00f3 la Licenciatura en Educaci\u00f3n en la Universidad Pedag\u00f3gica Nacional Unidad 302 en Veracruz puerto.<br><br>Realiz\u00f3 el Diplomado en Alta Direcci\u00f3n 1 Potencializando el Capital Humano en el Instituto Tecnol\u00f3gico de Estudios Superiores de Monterrey (ITESM) y el \u2018Cuarto Taller Comunicaci\u00f3n Organizacional en la Universidad de La Habana, Cuba.<br><br>Igualmente, es T\u00e9cnico Programador Analista egresada del Centro de Bachillerato Tecnol\u00f3gico Industrial y de Servicios No. 25.<br><br>En su haber profesional se ha desempe\u00f1ado como directora general de Noticias, columnista y reportera de informaci\u00f3n general en diversos medios de comunicaci\u00f3n estatal y nacional con experiencia en cobertura de eventos de talla nacional e internacional.<br><br>Ejerci\u00f3 como jefa de prensa del Consejo Coordinador Empresarial Veracruz- Boca del R\u00edo integrado por diversas c\u00e1maras empresariales, colegios y asociaciones con representatividad estatal y nacional.<br><br>En la funci\u00f3n p\u00fablica ha colaborado como jefa de la Unidad de G\u00e9nero de la Delegaci\u00f3n Regional de la Secretar\u00eda de Educaci\u00f3n de Veracruz (SEV), asesora de la Unidad de G\u00e9nero de la Secretar\u00eda de Educaci\u00f3n de Veracruz (SEV) y enlace regional de la SEV con el Sistema Nacional de Protecci\u00f3n Integral de Ni\u00f1as, Ni\u00f1os y Adolescentes (SIPINNA)<br><br>Asimismo, fue delegada regional de Radiotelevisi\u00f3n de Veracruz (RTV) con sede en el puerto de Veracruz y jurisdicci\u00f3n en la zona centro del estado.<br><br>En el \u00e1mbito pol\u00edtico, ha ejercido como Jefa de prensa de diversas campa\u00f1as pol\u00edticas, la \u00faltima de la candidata y hoy gobernadora electa de Veracruz, Roc\u00edo Nahle Garc\u00eda.<br><br>Actualmente es tambi\u00e9n regidora suplente por Morena en el Cabildo del Ayuntamiento de Veracruz Puerto.<br><br><br><br><br><br><br><br><br><br><br><br><br><br><br><br><br><br><br><br><br><br><br><br><br><br><\/p>\n","protected":false},"excerpt":{"rendered":"<p>&gt;La Coordinaci\u00f3n General de Comunicaci\u00f3n Social ser\u00e1 reestructurada en dos direcciones: de Prensa y de Contenidos Digitales.&gt;\u201dLa comunicaci\u00f3n tiene que<\/p>\n","protected":false},"author":2,"featured_media":43662,"comment_status":"open","ping_status":"open","sticky":false,"template":"","format":"standard","meta":{"colormag_page_container_layout":"default_layout","colormag_page_sidebar_layout":"default_layout","footnotes":""},"categories":[2],"tags":[],"class_list":["post-43654","post","type-post","status-publish","format-standard","has-post-thumbnail","hentry","category-infogral"],"_links":{"self":[{"href":"http:\/\/vocesver.com\/noticias\/wp-json\/wp\/v2\/posts\/43654","targetHints":{"allow":["GET"]}}],"collection":[{"href":"http:\/\/vocesver.com\/noticias\/wp-json\/wp\/v2\/posts"}],"about":[{"href":"http:\/\/vocesver.com\/noticias\/wp-json\/wp\/v2\/types\/post"}],"author":[{"embeddable":true,"href":"http:\/\/vocesver.com\/noticias\/wp-json\/wp\/v2\/users\/2"}],"replies":[{"embeddable":true,"href":"http:\/\/vocesver.com\/noticias\/wp-json\/wp\/v2\/comments?post=43654"}],"version-history":[{"count":3,"href":"http:\/\/vocesver.com\/noticias\/wp-json\/wp\/v2\/posts\/43654\/revisions"}],"predecessor-version":[{"id":43663,"href":"http:\/\/vocesver.com\/noticias\/wp-json\/wp\/v2\/posts\/43654\/revisions\/43663"}],"wp:featuredmedia":[{"embeddable":true,"href":"http:\/\/vocesver.com\/noticias\/wp-json\/wp\/v2\/media\/43662"}],"wp:attachment":[{"href":"http:\/\/vocesver.com\/noticias\/wp-json\/wp\/v2\/media?parent=43654"}],"wp:term":[{"taxonomy":"category","embeddable":true,"href":"http:\/\/vocesver.com\/noticias\/wp-json\/wp\/v2\/categories?post=43654"},{"taxonomy":"post_tag","embeddable":true,"href":"http:\/\/vocesver.com\/noticias\/wp-json\/wp\/v2\/tags?post=43654"}],"curies":[{"name":"wp","href":"https:\/\/api.w.org\/{rel}","templated":true}]}}