{"id":43650,"date":"2024-07-02T22:25:08","date_gmt":"2024-07-02T22:25:08","guid":{"rendered":"http:\/\/vocesver.com\/noticias\/?p=43650"},"modified":"2024-07-02T22:29:54","modified_gmt":"2024-07-02T22:29:54","slug":"especialistas-mexicanos-utilizan-el-acido-acexamico-como-tratamiento-para-mejorar-el-proceso-de-consolidacion-de-fracturas","status":"publish","type":"post","link":"http:\/\/vocesver.com\/noticias\/especialistas-mexicanos-utilizan-el-acido-acexamico-como-tratamiento-para-mejorar-el-proceso-de-consolidacion-de-fracturas\/","title":{"rendered":"Especialistas mexicanos utilizan el \u00e1cido acex\u00e1mico, como  tratamiento para mejorar el proceso de consolidaci\u00f3n de fracturas."},"content":{"rendered":"\n<p><\/p>\n\n\n\n<p><\/p>\n\n\n\n<p>Dr. Herce, Dr. Rodriguez, Dr. Quintero, Dr. Burgos, Valeria Gonz\u00e1lez.<\/p>\n\n\n\n<p><\/p>\n\n\n\n<p><\/p>\n\n\n\n<p><\/p>\n\n\n\n<p>Las fracturas representan un problema de salud p\u00fablica en M\u00e9xico1<br><br>\u00b7       1 de cada 3 mujeres y 1 de cada 5 hombres mayores de 50 a\u00f1os en el mundo, sufrir\u00e1 una fractura en su vida2<br><br>\u00b7       Las fracturas adicionadas al tiempo de recuperaci\u00f3n impactan negativamente la calidad de vida de los pacientes<br><br>\u00b7       Armstrong Laboratorios presenta el \u201cAtlas, uso del \u00e1cido acex\u00e1mico en consolidaci\u00f3n \u00f3sea, 2da edici\u00f3n\u201d<br><br> <br>AUSENCIO RIVERA\/VOCESVER.COM\/NOTICIAS<br><br>Ciudad de M\u00e9xico a 2 de julio de 2024. Las fracturas \u00f3seas representan un problema grave de salud p\u00fablica significativa en M\u00e9xico. Un estudio ha encontrado casi 2 mil casos por cada 100 mil habitantes, con un crecimiento que ser\u00e1 7 veces mayor para el a\u00f1o 20501.<br><br> <br><br>Se estima que, en todo el mundo, una de cada tres mujeres y uno de cada cinco hombres de 50 a\u00f1os o mayores sufrir\u00e1n una fractura en su vida2. Se entiende por fractura a una ruptura parcial o total del hueso, lo que significa una discontinuidad entre los extremos de un mismo hueso.<br><br> <br><br>Determinar si una fractura est\u00e1 consolidada, se refiere al proceso de curaci\u00f3n natural que ocurre despu\u00e9s de esta. Este es uno de los objetivos cl\u00ednicos m\u00e1s importantes y fundamentales en traumatolog\u00eda y ortopedia3; por consiguiente, conocer la fisiolog\u00eda y las complicaciones ayudar\u00e1 a determinar el siguiente paso para el tratamiento adecuado.<br><br> <br><br>Ante esta problem\u00e1tica Armstrong Laboratorios de M\u00e9xico, reuni\u00f3 a m\u00e1s de 20 especialistas mexicanos para hacer un compendio de casos cl\u00ednicos en 14 cap\u00edtulos en el Atlas sobre el uso del \u00e1cido acex\u00e1mico. Con el objetivo de poner a disposici\u00f3n del cuerpo m\u00e9dico evidencia cient\u00edfica actualizada.<br><br> <br><br>\u201cEl \u00e1cido acex\u00e1mico ha logrado despertar el inter\u00e9s en m\u00e9dicos traumat\u00f3logos ortopedistas ya existen algunas publicaciones en la literatura m\u00e9dica especializada que hablan acerca de este producto y su utilidad en la pr\u00e1ctica diaria\u201d, asegur\u00f3 el Dr. Fernando Rodr\u00edguez (Gerente m\u00e9dico de Armstrong Laboratorios de M\u00e9xico).<br><br> <br><br>El Atlas presenta varios casos cl\u00ednicos reales manejados por traumat\u00f3logos ortopedistas en M\u00e9xico, se\u00f1al\u00f3 el Dr. Alejandro Herce Santisteban, editor de la 2da edici\u00f3n del Atlas de uso acex\u00e1mico.<br><br> <br><br>\u201cEste Atlas, puede ser una herramienta \u00fatil para los profesionales de la salud en su consulta, ya que los casos cl\u00ednicos presentados, pueden ofrecer nuevas perspectivas y soluciones para el tratamiento de las fracturas \u00f3seas\u201d, agreg\u00f3 el Dr. Fernando Rodr\u00edguez.<br><br> <br><br>Finalmente, es importante recordar, como lo mencionan los especialistas, el Dr. Rodrigo Burgos Paz, M\u00e9dico Especialista en Ortopedia y Traumatolog\u00eda, Miembro Titular del Colegio Mexicano de Ortopedia y Traumatolog\u00eda, A.C y el Dr. Carlos Humberto Quintero Rodr\u00edguez, M\u00e9dico Especialista en ortopedia y Traumatolog\u00eda, Hospital Infantil del Estado de Sonora, que aunque las fracturas pueden ser dolorosas y debilitantes, con los avances en la investigaci\u00f3n, tratamiento, un diagn\u00f3stico oportuno y con una buena rehabilitaci\u00f3n, es posible la recuperaci\u00f3n exitosa para volver al paciente a una vida activa y saludable.<br><br> <br><br>REFERENCIAS<br><br> <br><br>1,2 https:\/\/libros.facmed.unam.mx\/index.php\/2021\/07\/24\/libro-azul-de-fracturas-mexico\/. Mensaje de la International Osteoporosis Foundation p\u00e1g XI<br><br>3. Fern\u00e1ndez D, Rom\u00e1n A. Defectos en la consolidaci\u00f3n de fracturas \u00f3seas. Interciencia m\u00e9d. 2022; 12(1): 23-29. DOI: https:\/\/doi. org\/10.56838\/icmed.v12i1.80. <br><br><br><br><br><br><br><br><br><br><br><br><br><br><br><br><br><br><br><br><br><br><br><br><br><\/p>\n","protected":false},"excerpt":{"rendered":"<p>Dr. Herce, Dr. Rodriguez, Dr. Quintero, Dr. Burgos, Valeria Gonz\u00e1lez. Las fracturas representan un problema de salud p\u00fablica en M\u00e9xico1<\/p>\n","protected":false},"author":2,"featured_media":43657,"comment_status":"open","ping_status":"open","sticky":false,"template":"","format":"standard","meta":{"colormag_page_container_layout":"default_layout","colormag_page_sidebar_layout":"default_layout","footnotes":""},"categories":[5],"tags":[],"class_list":["post-43650","post","type-post","status-publish","format-standard","has-post-thumbnail","hentry","category-nacional"],"_links":{"self":[{"href":"http:\/\/vocesver.com\/noticias\/wp-json\/wp\/v2\/posts\/43650","targetHints":{"allow":["GET"]}}],"collection":[{"href":"http:\/\/vocesver.com\/noticias\/wp-json\/wp\/v2\/posts"}],"about":[{"href":"http:\/\/vocesver.com\/noticias\/wp-json\/wp\/v2\/types\/post"}],"author":[{"embeddable":true,"href":"http:\/\/vocesver.com\/noticias\/wp-json\/wp\/v2\/users\/2"}],"replies":[{"embeddable":true,"href":"http:\/\/vocesver.com\/noticias\/wp-json\/wp\/v2\/comments?post=43650"}],"version-history":[{"count":3,"href":"http:\/\/vocesver.com\/noticias\/wp-json\/wp\/v2\/posts\/43650\/revisions"}],"predecessor-version":[{"id":43656,"href":"http:\/\/vocesver.com\/noticias\/wp-json\/wp\/v2\/posts\/43650\/revisions\/43656"}],"wp:featuredmedia":[{"embeddable":true,"href":"http:\/\/vocesver.com\/noticias\/wp-json\/wp\/v2\/media\/43657"}],"wp:attachment":[{"href":"http:\/\/vocesver.com\/noticias\/wp-json\/wp\/v2\/media?parent=43650"}],"wp:term":[{"taxonomy":"category","embeddable":true,"href":"http:\/\/vocesver.com\/noticias\/wp-json\/wp\/v2\/categories?post=43650"},{"taxonomy":"post_tag","embeddable":true,"href":"http:\/\/vocesver.com\/noticias\/wp-json\/wp\/v2\/tags?post=43650"}],"curies":[{"name":"wp","href":"https:\/\/api.w.org\/{rel}","templated":true}]}}