{"id":43646,"date":"2024-07-02T22:09:00","date_gmt":"2024-07-02T22:09:00","guid":{"rendered":"http:\/\/vocesver.com\/noticias\/?p=43646"},"modified":"2024-07-02T22:16:46","modified_gmt":"2024-07-02T22:16:46","slug":"luis-arturo-santiago-titular-de-la-secretaria-del-trabajo","status":"publish","type":"post","link":"http:\/\/vocesver.com\/noticias\/luis-arturo-santiago-titular-de-la-secretaria-del-trabajo\/","title":{"rendered":".LUIS ARTURO SANTIAGO TITULAR DE LA SECRETAR\u00cdA DEL TRABAJO"},"content":{"rendered":"\n<p>AUSENCIO RIVERA\/VOCESVER.COM\/NOTICIAS<br><br>Boca del R\u00edo, Ver., martes 02 de julio de 2024.- El actual diputado local, Luis Arturo Santiago Mart\u00ednez, asumir\u00e1 la titularidad de la Secretar\u00eda de Trabajo, Previsi\u00f3n Social y Productividad (STPSP) en el estado, confirm\u00f3 la gobernadora electa de Veracruz, Roc\u00edo Nahle Garc\u00eda.<br><br>Cuenta con las licenciaturas en Derecho por la Universidad Veracruzana y en Filosof\u00eda por la<br>Universidad La Salle en Ciudad de M\u00e9xico titulado con menci\u00f3n honor\u00edfica.<br><br>Es Maestro en Filosof\u00eda Pol\u00edtica por la Universidad Nacional Aut\u00f3noma de M\u00e9xico (UNAM) y Maestro en Gobierno por el Colegio de Veracruz (Colver) as\u00ed como Diplomado en Actualizaci\u00f3n y Profesionalizaci\u00f3n Directiva.<br><br>Se ha desempe\u00f1ado como diputado por el distrito XXI en la LXVI Legislatura Local con las comisiones de Protecci\u00f3n Civil (Presidente), Ciencia y Tecnolog\u00eda y Desarrollo Agropecuario, Rural y Forestal.<br><br>En su haber acad\u00e9mico registra una amplia experiencia como director, subdirector y catedr\u00e1tico en distintas instituciones educativas en el estado de Veracruz.<br><br>En el \u00e1mbito pol\u00edtico ha sido tambi\u00e9n<br>Candidato a la Presidencia Municipal de Camerino Z. Mendoza y Representante de Gobierno Zona Centro del Estado.<br><br><br><br><br><br><br><br><br><br><br><br><br><br><br><br><br><br><br><br><br><br><br><br><br><br><br><br><br><br><br><\/p>\n","protected":false},"excerpt":{"rendered":"<p>AUSENCIO RIVERA\/VOCESVER.COM\/NOTICIAS Boca del R\u00edo, Ver., martes 02 de julio de 2024.- El actual diputado local, Luis Arturo Santiago Mart\u00ednez,<\/p>\n","protected":false},"author":2,"featured_media":43652,"comment_status":"open","ping_status":"open","sticky":false,"template":"","format":"standard","meta":{"colormag_page_container_layout":"default_layout","colormag_page_sidebar_layout":"default_layout","footnotes":""},"categories":[2],"tags":[],"class_list":["post-43646","post","type-post","status-publish","format-standard","has-post-thumbnail","hentry","category-infogral"],"_links":{"self":[{"href":"http:\/\/vocesver.com\/noticias\/wp-json\/wp\/v2\/posts\/43646","targetHints":{"allow":["GET"]}}],"collection":[{"href":"http:\/\/vocesver.com\/noticias\/wp-json\/wp\/v2\/posts"}],"about":[{"href":"http:\/\/vocesver.com\/noticias\/wp-json\/wp\/v2\/types\/post"}],"author":[{"embeddable":true,"href":"http:\/\/vocesver.com\/noticias\/wp-json\/wp\/v2\/users\/2"}],"replies":[{"embeddable":true,"href":"http:\/\/vocesver.com\/noticias\/wp-json\/wp\/v2\/comments?post=43646"}],"version-history":[{"count":2,"href":"http:\/\/vocesver.com\/noticias\/wp-json\/wp\/v2\/posts\/43646\/revisions"}],"predecessor-version":[{"id":43651,"href":"http:\/\/vocesver.com\/noticias\/wp-json\/wp\/v2\/posts\/43646\/revisions\/43651"}],"wp:featuredmedia":[{"embeddable":true,"href":"http:\/\/vocesver.com\/noticias\/wp-json\/wp\/v2\/media\/43652"}],"wp:attachment":[{"href":"http:\/\/vocesver.com\/noticias\/wp-json\/wp\/v2\/media?parent=43646"}],"wp:term":[{"taxonomy":"category","embeddable":true,"href":"http:\/\/vocesver.com\/noticias\/wp-json\/wp\/v2\/categories?post=43646"},{"taxonomy":"post_tag","embeddable":true,"href":"http:\/\/vocesver.com\/noticias\/wp-json\/wp\/v2\/tags?post=43646"}],"curies":[{"name":"wp","href":"https:\/\/api.w.org\/{rel}","templated":true}]}}